{"id":35440,"date":"2018-06-27T09:25:37","date_gmt":"2018-06-27T12:25:37","guid":{"rendered":"https:\/\/eldiariodesanpedro.com.ar\/sitio\/?p=35440"},"modified":"2018-06-27T09:25:37","modified_gmt":"2018-06-27T12:25:37","slug":"delincuentes-robaron-un-televisor-tras-forzar-la-puerta-de-una-vivienda","status":"publish","type":"post","link":"https:\/\/eldiariodesanpedro.com.ar\/sitio\/delincuentes-robaron-un-televisor-tras-forzar-la-puerta-de-una-vivienda\/","title":{"rendered":"Delincuentes robaron un televisor tras forzar la puerta de una vivienda"},"content":{"rendered":"<p><!-- VideographyWP Plugin Message: Automatic video embedding prevented by plugin options. --><br \/>\nUn ciudadano denunci\u00f3 en la Dependencia Local, que fue alertado por un familiar la noche del martes, quien constataba que delincuentes hab\u00edan ingresado a su propiedad, ubicada en calle D\u00e1vila al 80.<\/p>\n<p>Los malvivientes forzaron la puerta de entrada de la casa y le sustrajeron un televisor de 42\u201d d\u00e1ndose a la fuga.<\/p>\n","protected":false},"excerpt":{"rendered":"<p>Un ciudadano denunci\u00f3 en la Dependencia Local, que fue alertado por un familiar la noche del martes, quien constataba que delincuentes hab\u00edan ingresado a su propiedad, ubicada en calle D\u00e1vila al 80. Los malvivientes forzaron la puerta de entrada de la casa y le sustrajeron un televisor de 42\u201d d\u00e1ndose a la fuga.<\/p>\n","protected":false},"author":4,"featured_media":35441,"comment_status":"open","ping_status":"closed","sticky":false,"template":"","format":"standard","meta":{"om_disable_all_campaigns":false,"_jetpack_memberships_contains_paid_content":false,"footnotes":""},"categories":[2,103],"tags":[],"class_list":["post-35440","post","type-post","status-publish","format-standard","has-post-thumbnail","hentry","category-locales","category-policiales-locales"],"aioseo_notices":[],"gutentor_comment":0,"jetpack_featured_media_url":"https:\/\/eldiariodesanpedro.com.ar\/sitio\/wp-content\/uploads\/2018\/06\/entrar-a-robar.jpg","jetpack_shortlink":"https:\/\/wp.me\/p6RhLt-9dC","jetpack_sharing_enabled":true,"_links":{"self":[{"href":"https:\/\/eldiariodesanpedro.com.ar\/sitio\/wp-json\/wp\/v2\/posts\/35440","targetHints":{"allow":["GET"]}}],"collection":[{"href":"https:\/\/eldiariodesanpedro.com.ar\/sitio\/wp-json\/wp\/v2\/posts"}],"about":[{"href":"https:\/\/eldiariodesanpedro.com.ar\/sitio\/wp-json\/wp\/v2\/types\/post"}],"author":[{"embeddable":true,"href":"https:\/\/eldiariodesanpedro.com.ar\/sitio\/wp-json\/wp\/v2\/users\/4"}],"replies":[{"embeddable":true,"href":"https:\/\/eldiariodesanpedro.com.ar\/sitio\/wp-json\/wp\/v2\/comments?post=35440"}],"version-history":[{"count":1,"href":"https:\/\/eldiariodesanpedro.com.ar\/sitio\/wp-json\/wp\/v2\/posts\/35440\/revisions"}],"predecessor-version":[{"id":35442,"href":"https:\/\/eldiariodesanpedro.com.ar\/sitio\/wp-json\/wp\/v2\/posts\/35440\/revisions\/35442"}],"wp:featuredmedia":[{"embeddable":true,"href":"https:\/\/eldiariodesanpedro.com.ar\/sitio\/wp-json\/wp\/v2\/media\/35441"}],"wp:attachment":[{"href":"https:\/\/eldiariodesanpedro.com.ar\/sitio\/wp-json\/wp\/v2\/media?parent=35440"}],"wp:term":[{"taxonomy":"category","embeddable":true,"href":"https:\/\/eldiariodesanpedro.com.ar\/sitio\/wp-json\/wp\/v2\/categories?post=35440"},{"taxonomy":"post_tag","embeddable":true,"href":"https:\/\/eldiariodesanpedro.com.ar\/sitio\/wp-json\/wp\/v2\/tags?post=35440"}],"curies":[{"name":"wp","href":"https:\/\/api.w.org\/{rel}","templated":true}]}}