{"id":35437,"date":"2018-06-27T09:10:00","date_gmt":"2018-06-27T12:10:00","guid":{"rendered":"https:\/\/eldiariodesanpedro.com.ar\/sitio\/?p=35437"},"modified":"2018-06-27T09:10:00","modified_gmt":"2018-06-27T12:10:00","slug":"asaltaron-a-un-joven-para-robarle-su-bicicleta-uno-de-ellos-tiene-16-anos-de-edad","status":"publish","type":"post","link":"https:\/\/eldiariodesanpedro.com.ar\/sitio\/asaltaron-a-un-joven-para-robarle-su-bicicleta-uno-de-ellos-tiene-16-anos-de-edad\/","title":{"rendered":"Asaltaron a un joven para robarle su bicicleta, uno de ellos tiene 16 a\u00f1os de edad"},"content":{"rendered":"<p><!-- VideographyWP Plugin Message: Automatic video embedding prevented by plugin options. --><br \/>\nEn la tarde del martes, fueron aprehendidos dos malvivientes tras robarle la bicicleta a un joven mediante intimidaci\u00f3n con arma de fuego. La victima result\u00f3 ilesa y uno de los aprehendidos es menor de edad.<\/p>\n<p>Los dos delincuentes, en intersecci\u00f3n de las calles D\u00e1vila Y Las Provincias de nuestra ciudad, intimaron a una joven con una r\u00e9plica de arma de fuego para robarle su bicicleta Musetta d\u00e1ndose a la fuga con la misma.<\/p>\n<p>Personal policial es alertado y tras r\u00e1pido accionar, proceden a la aprehensi\u00f3n de un joven de 24 a\u00f1os de edad y un adolescente de 16,  quienes hac\u00eda instantes hab\u00edan asaltado a la joven y le secuestraron en su poder la bicicleta.<\/p>\n<p>El hecho que fue caratulado como \u00abRobo Calificado en grado de tentativa\u00bb, motiv\u00f3 que la UFI del Joven dispusiera que el adolescente de 16 a\u00f1os fuera trasladado a un Centro de Contenci\u00f3n de La Plata.<\/p>\n<p>Seg\u00fan confirm\u00f3 el Comisario Juan Catalano se trata de un adolescente de frondosos antecedentes, oriundo del Barrio Hermano Indio. <\/p>\n","protected":false},"excerpt":{"rendered":"<p>En la tarde del martes, fueron aprehendidos dos malvivientes tras robarle la bicicleta a un joven mediante intimidaci\u00f3n con arma de fuego. La victima result\u00f3 ilesa y uno de los aprehendidos es menor de edad. Los dos delincuentes, en intersecci\u00f3n de las calles D\u00e1vila Y Las Provincias de nuestra ciudad, intimaron a una joven con [&hellip;]<\/p>\n","protected":false},"author":4,"featured_media":35438,"comment_status":"open","ping_status":"closed","sticky":false,"template":"","format":"standard","meta":{"om_disable_all_campaigns":false,"_jetpack_memberships_contains_paid_content":false,"footnotes":""},"categories":[50,2,103],"tags":[],"class_list":["post-35437","post","type-post","status-publish","format-standard","has-post-thumbnail","hentry","category-destacadas","category-locales","category-policiales-locales"],"aioseo_notices":[],"gutentor_comment":0,"jetpack_featured_media_url":"https:\/\/eldiariodesanpedro.com.ar\/sitio\/wp-content\/uploads\/2018\/06\/asalto-a-mano-armada.jpg","jetpack_shortlink":"https:\/\/wp.me\/p6RhLt-9dz","jetpack_sharing_enabled":true,"_links":{"self":[{"href":"https:\/\/eldiariodesanpedro.com.ar\/sitio\/wp-json\/wp\/v2\/posts\/35437","targetHints":{"allow":["GET"]}}],"collection":[{"href":"https:\/\/eldiariodesanpedro.com.ar\/sitio\/wp-json\/wp\/v2\/posts"}],"about":[{"href":"https:\/\/eldiariodesanpedro.com.ar\/sitio\/wp-json\/wp\/v2\/types\/post"}],"author":[{"embeddable":true,"href":"https:\/\/eldiariodesanpedro.com.ar\/sitio\/wp-json\/wp\/v2\/users\/4"}],"replies":[{"embeddable":true,"href":"https:\/\/eldiariodesanpedro.com.ar\/sitio\/wp-json\/wp\/v2\/comments?post=35437"}],"version-history":[{"count":1,"href":"https:\/\/eldiariodesanpedro.com.ar\/sitio\/wp-json\/wp\/v2\/posts\/35437\/revisions"}],"predecessor-version":[{"id":35439,"href":"https:\/\/eldiariodesanpedro.com.ar\/sitio\/wp-json\/wp\/v2\/posts\/35437\/revisions\/35439"}],"wp:featuredmedia":[{"embeddable":true,"href":"https:\/\/eldiariodesanpedro.com.ar\/sitio\/wp-json\/wp\/v2\/media\/35438"}],"wp:attachment":[{"href":"https:\/\/eldiariodesanpedro.com.ar\/sitio\/wp-json\/wp\/v2\/media?parent=35437"}],"wp:term":[{"taxonomy":"category","embeddable":true,"href":"https:\/\/eldiariodesanpedro.com.ar\/sitio\/wp-json\/wp\/v2\/categories?post=35437"},{"taxonomy":"post_tag","embeddable":true,"href":"https:\/\/eldiariodesanpedro.com.ar\/sitio\/wp-json\/wp\/v2\/tags?post=35437"}],"curies":[{"name":"wp","href":"https:\/\/api.w.org\/{rel}","templated":true}]}}