{"id":35427,"date":"2018-06-26T20:24:22","date_gmt":"2018-06-26T23:24:22","guid":{"rendered":"https:\/\/eldiariodesanpedro.com.ar\/sitio\/?p=35427"},"modified":"2026-01-24T00:13:22","modified_gmt":"2026-01-24T03:13:22","slug":"ciclismo-sabado-de-ciclismo-en-el-circuito-panoramico-del-oeste","status":"publish","type":"post","link":"https:\/\/eldiariodesanpedro.com.ar\/sitio\/ciclismo-sabado-de-ciclismo-en-el-circuito-panoramico-del-oeste\/","title":{"rendered":"CICLISMO: S\u00e1bado de ciclismo en el Circuito Panor\u00e1mico del Oeste"},"content":{"rendered":"<p><!-- VideographyWP Plugin Message: Automatic video embedding prevented by plugin options. --><br \/>\n  Siempre bajo la organizaci\u00f3n de Pro Ciclismo San Pedro y la fiscalizaci\u00f3n de ACINOBA, (Asociaci\u00f3n Ciclista Norte Buenos Aires). Se desarroll\u00f3 un interesante espect\u00e1culo deportivo, pese al viento y baja temperatura, una competencia principal donde desde el comienzo Francisco Chipolini marca el camino en busca de hacer diferencias, que por momentos alcanza, la recta principal en intento solitario, pero distante, esperando, al acecho aparec\u00eda, Agust\u00edn Basualdo, para dar el golpe justo y sacar \u00e9l la vuelta de ventaja y as\u00ed culminar la hora quince minutos de carrera.<\/p>\n<p>  Las clasificaciones registradas fueron las que detallamos a continuaci\u00f3n:<\/p>\n<p><strong>INFANTILES<\/strong><br \/>\n  Participaron: Axel L\u00f3pez \u2013 Lucas Guerra \u2013 \u00c1ngel Quintana \u2013 Pedro Olivo \u2013 Just\u00edn Giuliani \u2013 Laureano Cardoso \u2013 Fantino Giuliani \u2013 Juli\u00e1n Toucedo.<\/p>\n<p><strong>M\u00c1STER \u201cD\u201d<\/strong><br \/>\n1\u00aa Marita R\u00edos (Jun\u00edn)<br \/>\n2\u00aa Andrea Guenzi (Jun\u00edn)<br \/>\n3\u00ba Ricardo Bustos Rosario)<br \/>\n4\u00ba Juan Martos (Jun\u00edn)<br \/>\n5\u00aa Carla Grillo (San Nicol\u00e1s)<\/p>\n<p><strong>ZONALES MENORES<\/strong><br \/>\n1\u00ba Juan Quintero (San Pedro)<br \/>\n2\u00ba Jonathan L\u00f3pez (Z\u00e1rate)<\/p>\n<p><strong>ZONALES MAYORES<\/strong><br \/>\n1\u00ba Daniel Chipolini<br \/>\n2\u00ba Mauricio Ariel Baca<br \/>\n3\u00ba Omar Cardenia<br \/>\n4\u00ba Juan Esteban Olivo<br \/>\n5\u00ba Ezequiel Grosso<br \/>\n6\u00ba Miguel Olivo<\/p>\n<p><strong>M\u00c1STER \u201cB-2\u201d y M\u00c1STER \u201cC\u201d<\/strong><br \/>\n1\u00ba N\u00e9stor \u201cChicho\u201d Varela (Arrecifes)<br \/>\n2\u00ba Rub\u00e9n Mallada (Z\u00e1rate)<br \/>\n3\u00ba Daniel Boaglio (San Pedro)<br \/>\n4\u00ba Miguel Machi (Capit\u00e1n Sarmiento)<br \/>\n5\u00ba Oscar Cicarelli (San Antonio de Areco)<\/p>\n<p><strong>M\u00c1STER \u201cC\u201d<\/strong><br \/>\n1\u00ba Juan Valori (San Nicol\u00e1s)<br \/>\n2\u00ba N\u00e9stor Machi (Capit\u00e1n Sarmiento)<br \/>\n3\u00ba Mario Fabrizzio (San Pedro)<\/p>\n<p><strong>M\u00c1STER \u201cB\u201d<\/strong><br \/>\n1\u00ba Luis Alegre (Capit\u00e1n Sarmiento)<br \/>\n2\u00ba Carlos Giuliani (San Pedro)<br \/>\n3\u00ba Javier Norberto Azurmendi (Capilla del Se\u00f1or)<\/p>\n<p><strong>PROMOCIONAL \u2013 M\u00c1STER \u201cA\u201d y M\u00c1STER \u201cB\u201d<\/strong><br \/>\n1\u00ba Agust\u00edn Basualdo (San Pedro)<br \/>\n2\u00ba Cristian Basualdo (San Pedro)<br \/>\n3\u00ba Francisco Chipolini (San Pedro)<br \/>\n4\u00ba Lucas Cardoso (San Pedro)<br \/>\n5\u00ba Mariano Manzo (San Pedro)<\/p>\n","protected":false},"excerpt":{"rendered":"<p>Siempre bajo la organizaci\u00f3n de Pro Ciclismo San Pedro y la fiscalizaci\u00f3n de ACINOBA, (Asociaci\u00f3n Ciclista Norte Buenos Aires). Se desarroll\u00f3 un interesante espect\u00e1culo deportivo, pese al viento y baja temperatura, una competencia principal donde desde el comienzo Francisco Chipolini marca el camino en busca de hacer diferencias, que por momentos alcanza, la recta principal [&hellip;]<\/p>\n","protected":false},"author":4,"featured_media":35428,"comment_status":"open","ping_status":"closed","sticky":false,"template":"","format":"standard","meta":{"om_disable_all_campaigns":false,"_jetpack_memberships_contains_paid_content":false,"footnotes":""},"categories":[5],"tags":[],"class_list":["post-35427","post","type-post","status-publish","format-standard","has-post-thumbnail","hentry","category-deportes"],"aioseo_notices":[],"gutentor_comment":0,"jetpack_featured_media_url":"https:\/\/eldiariodesanpedro.com.ar\/sitio\/wp-content\/uploads\/2018\/06\/Podio-de-la-competencia-central.jpg","jetpack_shortlink":"https:\/\/wp.me\/p6RhLt-9dp","jetpack_sharing_enabled":true,"_links":{"self":[{"href":"https:\/\/eldiariodesanpedro.com.ar\/sitio\/wp-json\/wp\/v2\/posts\/35427","targetHints":{"allow":["GET"]}}],"collection":[{"href":"https:\/\/eldiariodesanpedro.com.ar\/sitio\/wp-json\/wp\/v2\/posts"}],"about":[{"href":"https:\/\/eldiariodesanpedro.com.ar\/sitio\/wp-json\/wp\/v2\/types\/post"}],"author":[{"embeddable":true,"href":"https:\/\/eldiariodesanpedro.com.ar\/sitio\/wp-json\/wp\/v2\/users\/4"}],"replies":[{"embeddable":true,"href":"https:\/\/eldiariodesanpedro.com.ar\/sitio\/wp-json\/wp\/v2\/comments?post=35427"}],"version-history":[{"count":1,"href":"https:\/\/eldiariodesanpedro.com.ar\/sitio\/wp-json\/wp\/v2\/posts\/35427\/revisions"}],"predecessor-version":[{"id":35429,"href":"https:\/\/eldiariodesanpedro.com.ar\/sitio\/wp-json\/wp\/v2\/posts\/35427\/revisions\/35429"}],"wp:featuredmedia":[{"embeddable":true,"href":"https:\/\/eldiariodesanpedro.com.ar\/sitio\/wp-json\/wp\/v2\/media\/35428"}],"wp:attachment":[{"href":"https:\/\/eldiariodesanpedro.com.ar\/sitio\/wp-json\/wp\/v2\/media?parent=35427"}],"wp:term":[{"taxonomy":"category","embeddable":true,"href":"https:\/\/eldiariodesanpedro.com.ar\/sitio\/wp-json\/wp\/v2\/categories?post=35427"},{"taxonomy":"post_tag","embeddable":true,"href":"https:\/\/eldiariodesanpedro.com.ar\/sitio\/wp-json\/wp\/v2\/tags?post=35427"}],"curies":[{"name":"wp","href":"https:\/\/api.w.org\/{rel}","templated":true}]}}