{"id":35424,"date":"2018-06-26T20:21:47","date_gmt":"2018-06-26T23:21:47","guid":{"rendered":"https:\/\/eldiariodesanpedro.com.ar\/sitio\/?p=35424"},"modified":"2018-06-26T20:21:47","modified_gmt":"2018-06-26T23:21:47","slug":"el-intendente-de-campana-prepara-una-tarjeta-de-compras-para-los-municipales","status":"publish","type":"post","link":"https:\/\/eldiariodesanpedro.com.ar\/sitio\/el-intendente-de-campana-prepara-una-tarjeta-de-compras-para-los-municipales\/","title":{"rendered":"El Intendente de Campana prepara una tarjeta de compras para los municipales"},"content":{"rendered":"<p><!-- VideographyWP Plugin Message: Automatic video embedding prevented by plugin options. --><br \/>\nEl intendente Sebasti\u00e1n Abella prepara, con su equipo, una tarjeta de financiaci\u00f3n y descuento dirigida a los trabajadores municipales.<\/p>\n<p>  La idea, seg\u00fan explicaron desde el Ejecutivo municipal, es que los m\u00e1s de 1800 trabajadores municipales puedan acceder a una tarjeta que les permitir\u00e1 comprar en comercios locales en rubros espec\u00edficos: \u201cLa idea es que esta herramienta de financiaci\u00f3n les permita comprar solamente -en una primera etapa- alimentos, calzado, indumentaria, electrodom\u00e9sticos y elementos de construcci\u00f3n\u201d.<\/p>\n<p>  Desde el Municipio se est\u00e1 comenzando a convocar a los comercios locales que adherir\u00e1n a la tarjeta, con el requisito que sean de due\u00f1os locales: \u201cEn principio prevemos dos comercios por rubro para el lanzamiento de la tarjeta\u201d.<\/p>\n<p> Seg\u00fan estiman, podr\u00eda estar operativa para julio. Los comerciantes utilizar\u00e1n un portal creado especialmente desde la Secretaria de Modernizaci\u00f3n y desde all\u00ed podr\u00e1n acceder a los l\u00edmites de compra del trabajador y evaluar las formas de pago.<\/p>\n<p>  \u201cEl comercio solo debe contar con un acceso a internet para operar con la tarjeta y nada m\u00e1s\u201d, resaltaron.<\/p>\n<p>Fuente: Enlace Cr\u00edtico<\/p>\n","protected":false},"excerpt":{"rendered":"<p>El intendente Sebasti\u00e1n Abella prepara, con su equipo, una tarjeta de financiaci\u00f3n y descuento dirigida a los trabajadores municipales. La idea, seg\u00fan explicaron desde el Ejecutivo municipal, es que los m\u00e1s de 1800 trabajadores municipales puedan acceder a una tarjeta que les permitir\u00e1 comprar en comercios locales en rubros espec\u00edficos: \u201cLa idea es que esta [&hellip;]<\/p>\n","protected":false},"author":4,"featured_media":35425,"comment_status":"open","ping_status":"closed","sticky":false,"template":"","format":"standard","meta":{"om_disable_all_campaigns":false,"_jetpack_memberships_contains_paid_content":false,"footnotes":""},"categories":[621],"tags":[],"class_list":["post-35424","post","type-post","status-publish","format-standard","has-post-thumbnail","hentry","category-regionales"],"aioseo_notices":[],"gutentor_comment":0,"jetpack_featured_media_url":"https:\/\/eldiariodesanpedro.com.ar\/sitio\/wp-content\/uploads\/2018\/06\/tarjeta-municipalidad-campana.jpg","jetpack_shortlink":"https:\/\/wp.me\/p6RhLt-9dm","jetpack_sharing_enabled":true,"_links":{"self":[{"href":"https:\/\/eldiariodesanpedro.com.ar\/sitio\/wp-json\/wp\/v2\/posts\/35424","targetHints":{"allow":["GET"]}}],"collection":[{"href":"https:\/\/eldiariodesanpedro.com.ar\/sitio\/wp-json\/wp\/v2\/posts"}],"about":[{"href":"https:\/\/eldiariodesanpedro.com.ar\/sitio\/wp-json\/wp\/v2\/types\/post"}],"author":[{"embeddable":true,"href":"https:\/\/eldiariodesanpedro.com.ar\/sitio\/wp-json\/wp\/v2\/users\/4"}],"replies":[{"embeddable":true,"href":"https:\/\/eldiariodesanpedro.com.ar\/sitio\/wp-json\/wp\/v2\/comments?post=35424"}],"version-history":[{"count":1,"href":"https:\/\/eldiariodesanpedro.com.ar\/sitio\/wp-json\/wp\/v2\/posts\/35424\/revisions"}],"predecessor-version":[{"id":35426,"href":"https:\/\/eldiariodesanpedro.com.ar\/sitio\/wp-json\/wp\/v2\/posts\/35424\/revisions\/35426"}],"wp:featuredmedia":[{"embeddable":true,"href":"https:\/\/eldiariodesanpedro.com.ar\/sitio\/wp-json\/wp\/v2\/media\/35425"}],"wp:attachment":[{"href":"https:\/\/eldiariodesanpedro.com.ar\/sitio\/wp-json\/wp\/v2\/media?parent=35424"}],"wp:term":[{"taxonomy":"category","embeddable":true,"href":"https:\/\/eldiariodesanpedro.com.ar\/sitio\/wp-json\/wp\/v2\/categories?post=35424"},{"taxonomy":"post_tag","embeddable":true,"href":"https:\/\/eldiariodesanpedro.com.ar\/sitio\/wp-json\/wp\/v2\/tags?post=35424"}],"curies":[{"name":"wp","href":"https:\/\/api.w.org\/{rel}","templated":true}]}}