{"id":35421,"date":"2018-06-26T20:17:05","date_gmt":"2018-06-26T23:17:05","guid":{"rendered":"https:\/\/eldiariodesanpedro.com.ar\/sitio\/?p=35421"},"modified":"2018-06-26T20:17:05","modified_gmt":"2018-06-26T23:17:05","slug":"el-municipio-de-ramallo-sumo-dos-nuevos-puntos-wifi-ramallo-digital","status":"publish","type":"post","link":"https:\/\/eldiariodesanpedro.com.ar\/sitio\/el-municipio-de-ramallo-sumo-dos-nuevos-puntos-wifi-ramallo-digital\/","title":{"rendered":"El municipio de Ramallo sum\u00f3 dos nuevos puntos Wifi \u00abRamallo Digital\u00bb"},"content":{"rendered":"<p><!-- VideographyWP Plugin Message: Automatic video embedding prevented by plugin options. --><br \/>\nContin\u00faa la expansi\u00f3n del Plan Ramallo Digital con la instalaci\u00f3n de dos nuevos puntos de acceso a Internet.<\/p>\n<p>  Desde este lunes la Plaza Jos\u00e9 Mar\u00eda Bustos de la Ciudad de Ramallo y el Play\u00f3n de la Estaci\u00f3n de la Ciudad de Villa Ramallo cuentan con internet inal\u00e1mbrico gratuito bajo la denominaci\u00f3n \u201cRamallo Digital\u201d, llegando a cuatro los puntos que tienen disponible este servicio. Los restantes puntos de acceso se encuentran en Plaza Belgrano de Villa Ramallo y Punto Digital, en el Parador Municipal.<\/p>\n<p>  El proyecto del Municipio y de las Subsecretarias de Modernizaci\u00f3n y Educaci\u00f3n es seguir ampliando la red de WIFI de acceso gratuito enmarcadas en el proyecto Ramallo Digital a otros espacios p\u00fablicos del partido de Ramallo.<br \/>\n  Los vecinos que transitan habitualmente por las cercan\u00edas de los espacios p\u00fablicos anteriormente mencionados podr\u00e1n conectarse a internet de manera gratuita, tal como ocurre en los otros sitios.<\/p>\n<p>Fuente: La Radio Ramallo<\/p>\n","protected":false},"excerpt":{"rendered":"<p>Contin\u00faa la expansi\u00f3n del Plan Ramallo Digital con la instalaci\u00f3n de dos nuevos puntos de acceso a Internet. Desde este lunes la Plaza Jos\u00e9 Mar\u00eda Bustos de la Ciudad de Ramallo y el Play\u00f3n de la Estaci\u00f3n de la Ciudad de Villa Ramallo cuentan con internet inal\u00e1mbrico gratuito bajo la denominaci\u00f3n \u201cRamallo Digital\u201d, llegando a [&hellip;]<\/p>\n","protected":false},"author":4,"featured_media":35422,"comment_status":"open","ping_status":"closed","sticky":false,"template":"","format":"standard","meta":{"om_disable_all_campaigns":false,"_jetpack_memberships_contains_paid_content":false,"footnotes":""},"categories":[621],"tags":[],"class_list":["post-35421","post","type-post","status-publish","format-standard","has-post-thumbnail","hentry","category-regionales"],"aioseo_notices":[],"gutentor_comment":0,"jetpack_featured_media_url":"https:\/\/eldiariodesanpedro.com.ar\/sitio\/wp-content\/uploads\/2018\/06\/ramallo-digital.jpg","jetpack_shortlink":"https:\/\/wp.me\/p6RhLt-9dj","jetpack_sharing_enabled":true,"_links":{"self":[{"href":"https:\/\/eldiariodesanpedro.com.ar\/sitio\/wp-json\/wp\/v2\/posts\/35421","targetHints":{"allow":["GET"]}}],"collection":[{"href":"https:\/\/eldiariodesanpedro.com.ar\/sitio\/wp-json\/wp\/v2\/posts"}],"about":[{"href":"https:\/\/eldiariodesanpedro.com.ar\/sitio\/wp-json\/wp\/v2\/types\/post"}],"author":[{"embeddable":true,"href":"https:\/\/eldiariodesanpedro.com.ar\/sitio\/wp-json\/wp\/v2\/users\/4"}],"replies":[{"embeddable":true,"href":"https:\/\/eldiariodesanpedro.com.ar\/sitio\/wp-json\/wp\/v2\/comments?post=35421"}],"version-history":[{"count":1,"href":"https:\/\/eldiariodesanpedro.com.ar\/sitio\/wp-json\/wp\/v2\/posts\/35421\/revisions"}],"predecessor-version":[{"id":35423,"href":"https:\/\/eldiariodesanpedro.com.ar\/sitio\/wp-json\/wp\/v2\/posts\/35421\/revisions\/35423"}],"wp:featuredmedia":[{"embeddable":true,"href":"https:\/\/eldiariodesanpedro.com.ar\/sitio\/wp-json\/wp\/v2\/media\/35422"}],"wp:attachment":[{"href":"https:\/\/eldiariodesanpedro.com.ar\/sitio\/wp-json\/wp\/v2\/media?parent=35421"}],"wp:term":[{"taxonomy":"category","embeddable":true,"href":"https:\/\/eldiariodesanpedro.com.ar\/sitio\/wp-json\/wp\/v2\/categories?post=35421"},{"taxonomy":"post_tag","embeddable":true,"href":"https:\/\/eldiariodesanpedro.com.ar\/sitio\/wp-json\/wp\/v2\/tags?post=35421"}],"curies":[{"name":"wp","href":"https:\/\/api.w.org\/{rel}","templated":true}]}}