{"id":35418,"date":"2018-06-26T20:08:13","date_gmt":"2018-06-26T23:08:13","guid":{"rendered":"https:\/\/eldiariodesanpedro.com.ar\/sitio\/?p=35418"},"modified":"2018-06-26T20:08:13","modified_gmt":"2018-06-26T23:08:13","slug":"san-antonio-de-areco-festejos-patronales-en-duggan-en-honor-a-san-juan-bautista","status":"publish","type":"post","link":"https:\/\/eldiariodesanpedro.com.ar\/sitio\/san-antonio-de-areco-festejos-patronales-en-duggan-en-honor-a-san-juan-bautista\/","title":{"rendered":"SAN ANTONIO DE ARECO: Festejos patronales en Duggan en honor a San Juan Bautista"},"content":{"rendered":"<p><!-- VideographyWP Plugin Message: Automatic video embedding prevented by plugin options. --><br \/>\nEn la ma\u00f1ana del domingo se llevaron a cabo los festejos en honor a San Juan Bautista en Duggan: misa, procesi\u00f3n y desfile de instituciones, paisanos y tropillas con la presencia especial de nuestros veteranos de Malvinas y la familia de Jos\u00e9 Luis Galarza.<\/p>\n<p>  Tambi\u00e9n se inaugur\u00f3 el nuevo m\u00e1stil del monumento en homenaje a Jos\u00e9 Luis Galarza. Junto a su familia y los veteranos de Malvinas de nuestra localidad, concluy\u00f3 as\u00ed la Semana de la Patria.<\/p>\n<p>  Durante la tarde continuaron los festejos en Duggan: en el predio de la Escuela Agraria hubo m\u00fasica en vivo, destrezas gauchas y feria de artesanos y productores. Al caer la tarde, la fiesta en honor a San Juan Bautista termin\u00f3 con la tradicional quema del mu\u00f1eco.<\/p>\n<p>Fuente: Bosco Producciones<\/p>\n","protected":false},"excerpt":{"rendered":"<p>En la ma\u00f1ana del domingo se llevaron a cabo los festejos en honor a San Juan Bautista en Duggan: misa, procesi\u00f3n y desfile de instituciones, paisanos y tropillas con la presencia especial de nuestros veteranos de Malvinas y la familia de Jos\u00e9 Luis Galarza. Tambi\u00e9n se inaugur\u00f3 el nuevo m\u00e1stil del monumento en homenaje a [&hellip;]<\/p>\n","protected":false},"author":4,"featured_media":35419,"comment_status":"open","ping_status":"closed","sticky":false,"template":"","format":"standard","meta":{"om_disable_all_campaigns":false,"_jetpack_memberships_contains_paid_content":false,"footnotes":""},"categories":[621],"tags":[],"class_list":["post-35418","post","type-post","status-publish","format-standard","has-post-thumbnail","hentry","category-regionales"],"aioseo_notices":[],"gutentor_comment":0,"jetpack_featured_media_url":"https:\/\/eldiariodesanpedro.com.ar\/sitio\/wp-content\/uploads\/2018\/06\/Festejos-patronales-en-Duggan-en-honor-a-San-Juan-Bautista.jpg","jetpack_shortlink":"https:\/\/wp.me\/p6RhLt-9dg","jetpack_sharing_enabled":true,"_links":{"self":[{"href":"https:\/\/eldiariodesanpedro.com.ar\/sitio\/wp-json\/wp\/v2\/posts\/35418","targetHints":{"allow":["GET"]}}],"collection":[{"href":"https:\/\/eldiariodesanpedro.com.ar\/sitio\/wp-json\/wp\/v2\/posts"}],"about":[{"href":"https:\/\/eldiariodesanpedro.com.ar\/sitio\/wp-json\/wp\/v2\/types\/post"}],"author":[{"embeddable":true,"href":"https:\/\/eldiariodesanpedro.com.ar\/sitio\/wp-json\/wp\/v2\/users\/4"}],"replies":[{"embeddable":true,"href":"https:\/\/eldiariodesanpedro.com.ar\/sitio\/wp-json\/wp\/v2\/comments?post=35418"}],"version-history":[{"count":1,"href":"https:\/\/eldiariodesanpedro.com.ar\/sitio\/wp-json\/wp\/v2\/posts\/35418\/revisions"}],"predecessor-version":[{"id":35420,"href":"https:\/\/eldiariodesanpedro.com.ar\/sitio\/wp-json\/wp\/v2\/posts\/35418\/revisions\/35420"}],"wp:featuredmedia":[{"embeddable":true,"href":"https:\/\/eldiariodesanpedro.com.ar\/sitio\/wp-json\/wp\/v2\/media\/35419"}],"wp:attachment":[{"href":"https:\/\/eldiariodesanpedro.com.ar\/sitio\/wp-json\/wp\/v2\/media?parent=35418"}],"wp:term":[{"taxonomy":"category","embeddable":true,"href":"https:\/\/eldiariodesanpedro.com.ar\/sitio\/wp-json\/wp\/v2\/categories?post=35418"},{"taxonomy":"post_tag","embeddable":true,"href":"https:\/\/eldiariodesanpedro.com.ar\/sitio\/wp-json\/wp\/v2\/tags?post=35418"}],"curies":[{"name":"wp","href":"https:\/\/api.w.org\/{rel}","templated":true}]}}