{"id":35414,"date":"2018-06-26T20:04:36","date_gmt":"2018-06-26T23:04:36","guid":{"rendered":"https:\/\/eldiariodesanpedro.com.ar\/sitio\/?p=35414"},"modified":"2018-06-26T20:04:36","modified_gmt":"2018-06-26T23:04:36","slug":"baradero-patrullero-nuevo-a-la-zanja","status":"publish","type":"post","link":"https:\/\/eldiariodesanpedro.com.ar\/sitio\/baradero-patrullero-nuevo-a-la-zanja\/","title":{"rendered":"BARADERO: Patrullero nuevo a la zanja"},"content":{"rendered":"<p><!-- VideographyWP Plugin Message: Automatic video embedding prevented by plugin options. --><br \/>\nAfortunadamente el m\u00f3vil no sufri\u00f3 da\u00f1os.<\/p>\n<p>  En la noche de ayer viernes, aproximadamente a las 22.45 hs, el agente del lugar estaba patrullando las calles de la villa cuando, por razones que se desconocen, cay\u00f3 en una cuneta de la calle de la Plaza.<br \/>\n  El hecho sucedi\u00f3 en la frente a la Sala de Primeros Auxilios. Unos j\u00f3venes que circulaban por el lugar ayudaron a sacarlo.<\/p>\n<p>Fuente: Baradero Te Informa<\/p>\n","protected":false},"excerpt":{"rendered":"<p>Afortunadamente el m\u00f3vil no sufri\u00f3 da\u00f1os. En la noche de ayer viernes, aproximadamente a las 22.45 hs, el agente del lugar estaba patrullando las calles de la villa cuando, por razones que se desconocen, cay\u00f3 en una cuneta de la calle de la Plaza. El hecho sucedi\u00f3 en la frente a la Sala de Primeros [&hellip;]<\/p>\n","protected":false},"author":4,"featured_media":35416,"comment_status":"open","ping_status":"closed","sticky":false,"template":"","format":"standard","meta":{"om_disable_all_campaigns":false,"_jetpack_memberships_contains_paid_content":false,"footnotes":""},"categories":[621],"tags":[],"class_list":["post-35414","post","type-post","status-publish","format-standard","has-post-thumbnail","hentry","category-regionales"],"aioseo_notices":[],"gutentor_comment":0,"jetpack_featured_media_url":"https:\/\/eldiariodesanpedro.com.ar\/sitio\/wp-content\/uploads\/2018\/06\/El-patrullero-en-la-cuneta.jpg","jetpack_shortlink":"https:\/\/wp.me\/p6RhLt-9dc","jetpack_sharing_enabled":true,"_links":{"self":[{"href":"https:\/\/eldiariodesanpedro.com.ar\/sitio\/wp-json\/wp\/v2\/posts\/35414","targetHints":{"allow":["GET"]}}],"collection":[{"href":"https:\/\/eldiariodesanpedro.com.ar\/sitio\/wp-json\/wp\/v2\/posts"}],"about":[{"href":"https:\/\/eldiariodesanpedro.com.ar\/sitio\/wp-json\/wp\/v2\/types\/post"}],"author":[{"embeddable":true,"href":"https:\/\/eldiariodesanpedro.com.ar\/sitio\/wp-json\/wp\/v2\/users\/4"}],"replies":[{"embeddable":true,"href":"https:\/\/eldiariodesanpedro.com.ar\/sitio\/wp-json\/wp\/v2\/comments?post=35414"}],"version-history":[{"count":1,"href":"https:\/\/eldiariodesanpedro.com.ar\/sitio\/wp-json\/wp\/v2\/posts\/35414\/revisions"}],"predecessor-version":[{"id":35417,"href":"https:\/\/eldiariodesanpedro.com.ar\/sitio\/wp-json\/wp\/v2\/posts\/35414\/revisions\/35417"}],"wp:featuredmedia":[{"embeddable":true,"href":"https:\/\/eldiariodesanpedro.com.ar\/sitio\/wp-json\/wp\/v2\/media\/35416"}],"wp:attachment":[{"href":"https:\/\/eldiariodesanpedro.com.ar\/sitio\/wp-json\/wp\/v2\/media?parent=35414"}],"wp:term":[{"taxonomy":"category","embeddable":true,"href":"https:\/\/eldiariodesanpedro.com.ar\/sitio\/wp-json\/wp\/v2\/categories?post=35414"},{"taxonomy":"post_tag","embeddable":true,"href":"https:\/\/eldiariodesanpedro.com.ar\/sitio\/wp-json\/wp\/v2\/tags?post=35414"}],"curies":[{"name":"wp","href":"https:\/\/api.w.org\/{rel}","templated":true}]}}