{"id":35412,"date":"2018-06-26T19:58:32","date_gmt":"2018-06-26T22:58:32","guid":{"rendered":"https:\/\/eldiariodesanpedro.com.ar\/sitio\/?p=35412"},"modified":"2018-06-26T19:58:32","modified_gmt":"2018-06-26T22:58:32","slug":"baradero-sanciones-a-la-curtiembre-y-situacion-ambiental-en-atanor-y-germaiz","status":"publish","type":"post","link":"https:\/\/eldiariodesanpedro.com.ar\/sitio\/baradero-sanciones-a-la-curtiembre-y-situacion-ambiental-en-atanor-y-germaiz\/","title":{"rendered":"BARADERO: Sanciones a la curtiembre y situaci\u00f3n ambiental en Atanor y Germa\u00edz"},"content":{"rendered":"<p><!-- VideographyWP Plugin Message: Automatic video embedding prevented by plugin options. --><br \/>\nEl OPDS inspeccion\u00f3 Donto y exigi\u00f3 que presente m\u00e1s documentaci\u00f3n. En la f\u00e1brica hab\u00eda desechos que permanecieron mucho tiempo en un dep\u00f3sito transitorio. En cuanto a la qu\u00edmica, ya cuenta con el certificado de cierre del OPDS; y la aceitera, tramita en la justicia.<\/p>\n<p>  Es sabido que el cuidado del medio ambiente depende de todos, de los vecinos los comercios, las f\u00e1bricas y las empresas. Todos generadores de desechos con mayor o menor grado de contaminaci\u00f3n.<\/p>\n<p>  En este mes se implement\u00f3 la prohibici\u00f3n de las bolsas camisetas para disminuir la contaminaci\u00f3n que provoca el nylon: una medida que, como todo cambio de h\u00e1bito, genera adhesiones y rechazos.<\/p>\n<p>  Ahora bien, mas all\u00e1 de lo que cada baraderense porte para el cuidado del ecosistema, el director de Gesti\u00f3n Ambiental, Ezequiel Gonz\u00e1lez respondi\u00f3 sobre los controles fabriles.<\/p>\n<p>  \u201cEl control de empresas se hace desde Gesti\u00f3n Ambiental, en el caso de las empresas chicas, y las que son de segunda y tercera categor\u00eda son inspeccionadas por el OPDS de la Provincia con quienes tenemos un permanente dialogo y cuando recibimos una denuncia la elevamos\u201d, explico el funcionario y cont\u00f3 que recientemente sancionaron a la curtiembre Donto: \u201cEl OPDS actu\u00f3 en marzo de este a\u00f1o y tambi\u00e9n en noviembre del a\u00f1o pasado. Hicieron controles muy exhaustivos, le pidieron informaci\u00f3n que la empresa est\u00e1 por terminar de presentar\u201d.<\/p>\n<p>  Con respecto a las denuncias por arrojar desechos industriales dentro del predio de la curtiembre, Gonz\u00e1lez indic\u00f3 \u201cHabl\u00e9 con quienes inspeccionaron la planta. Ellos (por la curtiembre) tienen un dep\u00f3sito transitorio de residuos que ten\u00eda una gran cantidad de desechos. Lo que la ley establece es que ese dep\u00f3sito transitorio tiene que ser vaciado con periodicidad porque si no, pierde el sentido de ser transitorio y pasa a ser como si fuera permanente. El OPDS intervino para que la curtiembre regularice esta situaci\u00f3n\u201d.<\/p>\n<p>Fuente: La Autentica Opini\u00f3n <\/p>\n","protected":false},"excerpt":{"rendered":"<p>El OPDS inspeccion\u00f3 Donto y exigi\u00f3 que presente m\u00e1s documentaci\u00f3n. En la f\u00e1brica hab\u00eda desechos que permanecieron mucho tiempo en un dep\u00f3sito transitorio. En cuanto a la qu\u00edmica, ya cuenta con el certificado de cierre del OPDS; y la aceitera, tramita en la justicia. Es sabido que el cuidado del medio ambiente depende de todos, [&hellip;]<\/p>\n","protected":false},"author":4,"featured_media":35413,"comment_status":"open","ping_status":"closed","sticky":false,"template":"","format":"standard","meta":{"om_disable_all_campaigns":false,"_jetpack_memberships_contains_paid_content":false,"footnotes":""},"categories":[621],"tags":[],"class_list":["post-35412","post","type-post","status-publish","format-standard","has-post-thumbnail","hentry","category-regionales"],"aioseo_notices":[],"gutentor_comment":0,"jetpack_featured_media_url":"https:\/\/eldiariodesanpedro.com.ar\/sitio\/wp-content\/uploads\/2018\/06\/Sanciones-a-la-curtiembre-y-situaci\u00f3n-ambiental-en-Atanor-y-Germa\u00edz.jpg","jetpack_shortlink":"https:\/\/wp.me\/p6RhLt-9da","jetpack_sharing_enabled":true,"_links":{"self":[{"href":"https:\/\/eldiariodesanpedro.com.ar\/sitio\/wp-json\/wp\/v2\/posts\/35412","targetHints":{"allow":["GET"]}}],"collection":[{"href":"https:\/\/eldiariodesanpedro.com.ar\/sitio\/wp-json\/wp\/v2\/posts"}],"about":[{"href":"https:\/\/eldiariodesanpedro.com.ar\/sitio\/wp-json\/wp\/v2\/types\/post"}],"author":[{"embeddable":true,"href":"https:\/\/eldiariodesanpedro.com.ar\/sitio\/wp-json\/wp\/v2\/users\/4"}],"replies":[{"embeddable":true,"href":"https:\/\/eldiariodesanpedro.com.ar\/sitio\/wp-json\/wp\/v2\/comments?post=35412"}],"version-history":[{"count":1,"href":"https:\/\/eldiariodesanpedro.com.ar\/sitio\/wp-json\/wp\/v2\/posts\/35412\/revisions"}],"predecessor-version":[{"id":35415,"href":"https:\/\/eldiariodesanpedro.com.ar\/sitio\/wp-json\/wp\/v2\/posts\/35412\/revisions\/35415"}],"wp:featuredmedia":[{"embeddable":true,"href":"https:\/\/eldiariodesanpedro.com.ar\/sitio\/wp-json\/wp\/v2\/media\/35413"}],"wp:attachment":[{"href":"https:\/\/eldiariodesanpedro.com.ar\/sitio\/wp-json\/wp\/v2\/media?parent=35412"}],"wp:term":[{"taxonomy":"category","embeddable":true,"href":"https:\/\/eldiariodesanpedro.com.ar\/sitio\/wp-json\/wp\/v2\/categories?post=35412"},{"taxonomy":"post_tag","embeddable":true,"href":"https:\/\/eldiariodesanpedro.com.ar\/sitio\/wp-json\/wp\/v2\/tags?post=35412"}],"curies":[{"name":"wp","href":"https:\/\/api.w.org\/{rel}","templated":true}]}}