{"id":35409,"date":"2018-06-26T19:47:21","date_gmt":"2018-06-26T22:47:21","guid":{"rendered":"https:\/\/eldiariodesanpedro.com.ar\/sitio\/?p=35409"},"modified":"2018-06-26T19:47:21","modified_gmt":"2018-06-26T22:47:21","slug":"charla-educativa-sobre-alimentacion-saludable-en-escuela-n12","status":"publish","type":"post","link":"https:\/\/eldiariodesanpedro.com.ar\/sitio\/charla-educativa-sobre-alimentacion-saludable-en-escuela-n12\/","title":{"rendered":"Charla educativa sobre alimentaci\u00f3n saludable en Escuela N\u00b012"},"content":{"rendered":"<p><!-- VideographyWP Plugin Message: Automatic video embedding prevented by plugin options. --><br \/>\nHoy por la ma\u00f1ana la Secretar\u00eda de Salud realiz\u00f3 una charla educativa en el Escuela n\u00famero 12 bajo el concepto de Kiosco Saludable. <\/p>\n<p>  Las profesionales Lic. Florencia Cuesta y la Nutricionista Cecilia Prego, brindaron informaci\u00f3n a los alumnos de 5to y 6to grado de R\u00edo Tala del turno ma\u00f1ana.<\/p>\n<p>  El objetivo de la charla es concientizar a los alumnos sobre la alimentaci\u00f3n sana durante el horario escolar para mejorar el sistema inmune y el rendimiento f\u00edsico\/escolar. <\/p>\n","protected":false},"excerpt":{"rendered":"<p>Hoy por la ma\u00f1ana la Secretar\u00eda de Salud realiz\u00f3 una charla educativa en el Escuela n\u00famero 12 bajo el concepto de Kiosco Saludable. Las profesionales Lic. Florencia Cuesta y la Nutricionista Cecilia Prego, brindaron informaci\u00f3n a los alumnos de 5to y 6to grado de R\u00edo Tala del turno ma\u00f1ana. El objetivo de la charla es [&hellip;]<\/p>\n","protected":false},"author":4,"featured_media":35410,"comment_status":"open","ping_status":"closed","sticky":false,"template":"","format":"standard","meta":{"om_disable_all_campaigns":false,"_jetpack_memberships_contains_paid_content":false,"footnotes":""},"categories":[101,2],"tags":[],"class_list":["post-35409","post","type-post","status-publish","format-standard","has-post-thumbnail","hentry","category-interes-general-locales","category-locales"],"aioseo_notices":[],"gutentor_comment":0,"jetpack_featured_media_url":"https:\/\/eldiariodesanpedro.com.ar\/sitio\/wp-content\/uploads\/2018\/06\/Charla-educativa-sobre-alimentaci\u00f3n-saludable-en-Escuela-N\u00b012.jpg","jetpack_shortlink":"https:\/\/wp.me\/p6RhLt-9d7","jetpack_sharing_enabled":true,"_links":{"self":[{"href":"https:\/\/eldiariodesanpedro.com.ar\/sitio\/wp-json\/wp\/v2\/posts\/35409","targetHints":{"allow":["GET"]}}],"collection":[{"href":"https:\/\/eldiariodesanpedro.com.ar\/sitio\/wp-json\/wp\/v2\/posts"}],"about":[{"href":"https:\/\/eldiariodesanpedro.com.ar\/sitio\/wp-json\/wp\/v2\/types\/post"}],"author":[{"embeddable":true,"href":"https:\/\/eldiariodesanpedro.com.ar\/sitio\/wp-json\/wp\/v2\/users\/4"}],"replies":[{"embeddable":true,"href":"https:\/\/eldiariodesanpedro.com.ar\/sitio\/wp-json\/wp\/v2\/comments?post=35409"}],"version-history":[{"count":1,"href":"https:\/\/eldiariodesanpedro.com.ar\/sitio\/wp-json\/wp\/v2\/posts\/35409\/revisions"}],"predecessor-version":[{"id":35411,"href":"https:\/\/eldiariodesanpedro.com.ar\/sitio\/wp-json\/wp\/v2\/posts\/35409\/revisions\/35411"}],"wp:featuredmedia":[{"embeddable":true,"href":"https:\/\/eldiariodesanpedro.com.ar\/sitio\/wp-json\/wp\/v2\/media\/35410"}],"wp:attachment":[{"href":"https:\/\/eldiariodesanpedro.com.ar\/sitio\/wp-json\/wp\/v2\/media?parent=35409"}],"wp:term":[{"taxonomy":"category","embeddable":true,"href":"https:\/\/eldiariodesanpedro.com.ar\/sitio\/wp-json\/wp\/v2\/categories?post=35409"},{"taxonomy":"post_tag","embeddable":true,"href":"https:\/\/eldiariodesanpedro.com.ar\/sitio\/wp-json\/wp\/v2\/tags?post=35409"}],"curies":[{"name":"wp","href":"https:\/\/api.w.org\/{rel}","templated":true}]}}