{"id":35405,"date":"2018-06-26T19:38:31","date_gmt":"2018-06-26T22:38:31","guid":{"rendered":"https:\/\/eldiariodesanpedro.com.ar\/sitio\/?p=35405"},"modified":"2018-06-26T19:38:31","modified_gmt":"2018-06-26T22:38:31","slug":"comenzaron-las-refacciones-en-la-peatonal-del-centenario","status":"publish","type":"post","link":"https:\/\/eldiariodesanpedro.com.ar\/sitio\/comenzaron-las-refacciones-en-la-peatonal-del-centenario\/","title":{"rendered":"Comenzaron las refacciones en la Peatonal del Centenario"},"content":{"rendered":"<p><!-- VideographyWP Plugin Message: Automatic video embedding prevented by plugin options. --><br \/>\nComenzaron las tareas de refacci\u00f3n de la Peatonal del Centenario a cargo de trabajadores del \u00e1rea de Obras y Servicios P\u00fablicos.<\/p>\n<p>  El proyecto contempla reabrir el tr\u00e1nsito a trav\u00e9s de la actual peatonal, pero la primera medida ser\u00eda reparar las lajas rotas y reponer las que faltaban y, reemplazar los actuales bancos por otros.<\/p>\n<p>  En 2016, el entonces secretario de Obras P\u00fablicas Jorge Ponzio incluy\u00f3 la refacci\u00f3n integral de la Peatonal del Centenario en las obras de mejoramiento tur\u00edstico.<\/p>\n<p>  Su idea era permitir el tr\u00e1nsito vehicular como sucede en otras semipeatonales del pa\u00eds, en las que las veredas para que la gente camine son tan anchas que s\u00f3lo dejan lugar para un veh\u00edculo, sin estacionamiento.<\/p>\n","protected":false},"excerpt":{"rendered":"<p>Comenzaron las tareas de refacci\u00f3n de la Peatonal del Centenario a cargo de trabajadores del \u00e1rea de Obras y Servicios P\u00fablicos. El proyecto contempla reabrir el tr\u00e1nsito a trav\u00e9s de la actual peatonal, pero la primera medida ser\u00eda reparar las lajas rotas y reponer las que faltaban y, reemplazar los actuales bancos por otros. En [&hellip;]<\/p>\n","protected":false},"author":4,"featured_media":35407,"comment_status":"open","ping_status":"closed","sticky":false,"template":"","format":"standard","meta":{"om_disable_all_campaigns":false,"_jetpack_memberships_contains_paid_content":false,"footnotes":""},"categories":[101,2],"tags":[],"class_list":["post-35405","post","type-post","status-publish","format-standard","has-post-thumbnail","hentry","category-interes-general-locales","category-locales"],"aioseo_notices":[],"gutentor_comment":0,"jetpack_featured_media_url":"https:\/\/eldiariodesanpedro.com.ar\/sitio\/wp-content\/uploads\/2018\/06\/Comenzaron-las-refacciones-en-la-Peatonal-del-Centenario.jpg","jetpack_shortlink":"https:\/\/wp.me\/p6RhLt-9d3","jetpack_sharing_enabled":true,"_links":{"self":[{"href":"https:\/\/eldiariodesanpedro.com.ar\/sitio\/wp-json\/wp\/v2\/posts\/35405","targetHints":{"allow":["GET"]}}],"collection":[{"href":"https:\/\/eldiariodesanpedro.com.ar\/sitio\/wp-json\/wp\/v2\/posts"}],"about":[{"href":"https:\/\/eldiariodesanpedro.com.ar\/sitio\/wp-json\/wp\/v2\/types\/post"}],"author":[{"embeddable":true,"href":"https:\/\/eldiariodesanpedro.com.ar\/sitio\/wp-json\/wp\/v2\/users\/4"}],"replies":[{"embeddable":true,"href":"https:\/\/eldiariodesanpedro.com.ar\/sitio\/wp-json\/wp\/v2\/comments?post=35405"}],"version-history":[{"count":1,"href":"https:\/\/eldiariodesanpedro.com.ar\/sitio\/wp-json\/wp\/v2\/posts\/35405\/revisions"}],"predecessor-version":[{"id":35408,"href":"https:\/\/eldiariodesanpedro.com.ar\/sitio\/wp-json\/wp\/v2\/posts\/35405\/revisions\/35408"}],"wp:featuredmedia":[{"embeddable":true,"href":"https:\/\/eldiariodesanpedro.com.ar\/sitio\/wp-json\/wp\/v2\/media\/35407"}],"wp:attachment":[{"href":"https:\/\/eldiariodesanpedro.com.ar\/sitio\/wp-json\/wp\/v2\/media?parent=35405"}],"wp:term":[{"taxonomy":"category","embeddable":true,"href":"https:\/\/eldiariodesanpedro.com.ar\/sitio\/wp-json\/wp\/v2\/categories?post=35405"},{"taxonomy":"post_tag","embeddable":true,"href":"https:\/\/eldiariodesanpedro.com.ar\/sitio\/wp-json\/wp\/v2\/tags?post=35405"}],"curies":[{"name":"wp","href":"https:\/\/api.w.org\/{rel}","templated":true}]}}