{"id":35400,"date":"2018-06-26T10:13:21","date_gmt":"2018-06-26T13:13:21","guid":{"rendered":"https:\/\/eldiariodesanpedro.com.ar\/sitio\/?p=35400"},"modified":"2018-06-26T10:13:21","modified_gmt":"2018-06-26T13:13:21","slug":"mesa-de-dialogo-sobre-embarazo-en-la-adolescencia","status":"publish","type":"post","link":"https:\/\/eldiariodesanpedro.com.ar\/sitio\/mesa-de-dialogo-sobre-embarazo-en-la-adolescencia\/","title":{"rendered":"Mesa de di\u00e1logo sobre embarazo en la adolescencia"},"content":{"rendered":"<p><!-- VideographyWP Plugin Message: Automatic video embedding prevented by plugin options. --><br \/>\nEn el marco de las actividades celebratorias por el 25 aniversario de Gr\u00e1vida en San Pedro, se contin\u00faa alentando propuestas que integren en el intercambio, el di\u00e1logo y la construcci\u00f3n de propuestas al servicio de la vida y la maternidad en nuestra comunidad.<\/p>\n<p>Por tal motivo, se hace una invitaci\u00f3n abierta a toda la comunidad y medios de comunicaci\u00f3n a presenciar la Mesa de Di\u00e1logo sobre \u00abEmbarazo en la Adolescencia\u00bb que realizaremos el Jueves 28 de Junio en la Biblioteca Popular Rafael Obligado a las 20hs.<\/p>\n<p>Ser\u00e1 un espacio de di\u00e1logo e intercambio intersectorial para el an\u00e1lisis de esta problem\u00e1tica y la construcci\u00f3n de propuestas comunitarias en el que se espera contar con la presencia de la comunidad.<\/p>\n","protected":false},"excerpt":{"rendered":"<p>En el marco de las actividades celebratorias por el 25 aniversario de Gr\u00e1vida en San Pedro, se contin\u00faa alentando propuestas que integren en el intercambio, el di\u00e1logo y la construcci\u00f3n de propuestas al servicio de la vida y la maternidad en nuestra comunidad. Por tal motivo, se hace una invitaci\u00f3n abierta a toda la comunidad [&hellip;]<\/p>\n","protected":false},"author":4,"featured_media":35401,"comment_status":"open","ping_status":"closed","sticky":false,"template":"","format":"standard","meta":{"om_disable_all_campaigns":false,"_jetpack_memberships_contains_paid_content":false,"footnotes":""},"categories":[101,2],"tags":[],"class_list":["post-35400","post","type-post","status-publish","format-standard","has-post-thumbnail","hentry","category-interes-general-locales","category-locales"],"aioseo_notices":[],"gutentor_comment":0,"jetpack_featured_media_url":"https:\/\/eldiariodesanpedro.com.ar\/sitio\/wp-content\/uploads\/2018\/06\/afiche-embarazo-adolescente-biblioteca.jpg","jetpack_shortlink":"https:\/\/wp.me\/p6RhLt-9cY","jetpack_sharing_enabled":true,"_links":{"self":[{"href":"https:\/\/eldiariodesanpedro.com.ar\/sitio\/wp-json\/wp\/v2\/posts\/35400","targetHints":{"allow":["GET"]}}],"collection":[{"href":"https:\/\/eldiariodesanpedro.com.ar\/sitio\/wp-json\/wp\/v2\/posts"}],"about":[{"href":"https:\/\/eldiariodesanpedro.com.ar\/sitio\/wp-json\/wp\/v2\/types\/post"}],"author":[{"embeddable":true,"href":"https:\/\/eldiariodesanpedro.com.ar\/sitio\/wp-json\/wp\/v2\/users\/4"}],"replies":[{"embeddable":true,"href":"https:\/\/eldiariodesanpedro.com.ar\/sitio\/wp-json\/wp\/v2\/comments?post=35400"}],"version-history":[{"count":1,"href":"https:\/\/eldiariodesanpedro.com.ar\/sitio\/wp-json\/wp\/v2\/posts\/35400\/revisions"}],"predecessor-version":[{"id":35402,"href":"https:\/\/eldiariodesanpedro.com.ar\/sitio\/wp-json\/wp\/v2\/posts\/35400\/revisions\/35402"}],"wp:featuredmedia":[{"embeddable":true,"href":"https:\/\/eldiariodesanpedro.com.ar\/sitio\/wp-json\/wp\/v2\/media\/35401"}],"wp:attachment":[{"href":"https:\/\/eldiariodesanpedro.com.ar\/sitio\/wp-json\/wp\/v2\/media?parent=35400"}],"wp:term":[{"taxonomy":"category","embeddable":true,"href":"https:\/\/eldiariodesanpedro.com.ar\/sitio\/wp-json\/wp\/v2\/categories?post=35400"},{"taxonomy":"post_tag","embeddable":true,"href":"https:\/\/eldiariodesanpedro.com.ar\/sitio\/wp-json\/wp\/v2\/tags?post=35400"}],"curies":[{"name":"wp","href":"https:\/\/api.w.org\/{rel}","templated":true}]}}