{"id":35395,"date":"2018-06-26T09:59:04","date_gmt":"2018-06-26T12:59:04","guid":{"rendered":"https:\/\/eldiariodesanpedro.com.ar\/sitio\/?p=35395"},"modified":"2018-06-26T09:59:04","modified_gmt":"2018-06-26T12:59:04","slug":"control-de-vacunacion-en-escuelas","status":"publish","type":"post","link":"https:\/\/eldiariodesanpedro.com.ar\/sitio\/control-de-vacunacion-en-escuelas\/","title":{"rendered":"Control de vacunaci\u00f3n en escuelas"},"content":{"rendered":"<p><!-- VideographyWP Plugin Message: Automatic video embedding prevented by plugin options. --><br \/>\nLa Secretar\u00eda de Salud de la Municipalidad de San Pedro informa que durante los pr\u00f3ximos d\u00edas se reralizar\u00e1 un \u00abcontrol de vacunaci\u00f3n\u00bb en las escuelas, en el marco del plan de seguimiento que intenta detectar situaciones que requieran la intervenci\u00f3n correspondiente para asegurar la cobertura obligatoria para los ni\u00f1os.<br \/>\nEl relevamiento a cargo de personal del \u00e1rea incluye Control de Ingreso Escolar, Control de Esquemas Obligatorios y Vacunaci\u00f3n a Ni\u00f1os de 11 a\u00f1os.<\/p>\n<p>El calendario previsto es el siguiente:<br \/>\nMartes 26 de Junio en el turno tarde de las escuelas N\u00ba 11 y N\u00ba 3.<br \/>\nMartes 3 de Julio en el turno tarde de la escuela N\u00ba 27.<br \/>\nViernes 6 de Julio en el turno tarde de las escuelas N\u00ba 8 y N\u00ba 10.<br \/>\nEl procedimiento continuar\u00e1 en fechas y establecimientos que ser\u00e1n informados oportunamente.<\/p>\n","protected":false},"excerpt":{"rendered":"<p>La Secretar\u00eda de Salud de la Municipalidad de San Pedro informa que durante los pr\u00f3ximos d\u00edas se reralizar\u00e1 un \u00abcontrol de vacunaci\u00f3n\u00bb en las escuelas, en el marco del plan de seguimiento que intenta detectar situaciones que requieran la intervenci\u00f3n correspondiente para asegurar la cobertura obligatoria para los ni\u00f1os. El relevamiento a cargo de personal [&hellip;]<\/p>\n","protected":false},"author":4,"featured_media":16335,"comment_status":"open","ping_status":"closed","sticky":false,"template":"","format":"standard","meta":{"om_disable_all_campaigns":false,"_jetpack_memberships_contains_paid_content":false,"footnotes":""},"categories":[101,2],"tags":[],"class_list":["post-35395","post","type-post","status-publish","format-standard","has-post-thumbnail","hentry","category-interes-general-locales","category-locales"],"aioseo_notices":[],"gutentor_comment":0,"jetpack_featured_media_url":"https:\/\/eldiariodesanpedro.com.ar\/sitio\/wp-content\/uploads\/2017\/03\/vacuna.jpg","jetpack_shortlink":"https:\/\/wp.me\/p6RhLt-9cT","jetpack_sharing_enabled":true,"_links":{"self":[{"href":"https:\/\/eldiariodesanpedro.com.ar\/sitio\/wp-json\/wp\/v2\/posts\/35395","targetHints":{"allow":["GET"]}}],"collection":[{"href":"https:\/\/eldiariodesanpedro.com.ar\/sitio\/wp-json\/wp\/v2\/posts"}],"about":[{"href":"https:\/\/eldiariodesanpedro.com.ar\/sitio\/wp-json\/wp\/v2\/types\/post"}],"author":[{"embeddable":true,"href":"https:\/\/eldiariodesanpedro.com.ar\/sitio\/wp-json\/wp\/v2\/users\/4"}],"replies":[{"embeddable":true,"href":"https:\/\/eldiariodesanpedro.com.ar\/sitio\/wp-json\/wp\/v2\/comments?post=35395"}],"version-history":[{"count":1,"href":"https:\/\/eldiariodesanpedro.com.ar\/sitio\/wp-json\/wp\/v2\/posts\/35395\/revisions"}],"predecessor-version":[{"id":35396,"href":"https:\/\/eldiariodesanpedro.com.ar\/sitio\/wp-json\/wp\/v2\/posts\/35395\/revisions\/35396"}],"wp:featuredmedia":[{"embeddable":true,"href":"https:\/\/eldiariodesanpedro.com.ar\/sitio\/wp-json\/wp\/v2\/media\/16335"}],"wp:attachment":[{"href":"https:\/\/eldiariodesanpedro.com.ar\/sitio\/wp-json\/wp\/v2\/media?parent=35395"}],"wp:term":[{"taxonomy":"category","embeddable":true,"href":"https:\/\/eldiariodesanpedro.com.ar\/sitio\/wp-json\/wp\/v2\/categories?post=35395"},{"taxonomy":"post_tag","embeddable":true,"href":"https:\/\/eldiariodesanpedro.com.ar\/sitio\/wp-json\/wp\/v2\/tags?post=35395"}],"curies":[{"name":"wp","href":"https:\/\/api.w.org\/{rel}","templated":true}]}}