{"id":35389,"date":"2018-06-26T09:55:48","date_gmt":"2018-06-26T12:55:48","guid":{"rendered":"https:\/\/eldiariodesanpedro.com.ar\/sitio\/?p=35389"},"modified":"2018-06-26T10:16:59","modified_gmt":"2018-06-26T13:16:59","slug":"dos-aprehendidos-por-circular-en-motos-robadas","status":"publish","type":"post","link":"https:\/\/eldiariodesanpedro.com.ar\/sitio\/dos-aprehendidos-por-circular-en-motos-robadas\/","title":{"rendered":"Dos aprehendidos por circular en motos robadas"},"content":{"rendered":"<p><!-- VideographyWP Plugin Message: Automatic video embedding prevented by plugin options. --><br \/>\nEste lunes por la tarde, hubo dos  aprehendidos  por circular a bordo de  motocicleta con pedido de captura activo, uno es un joven de 21 a\u00f1os de edad  y el otro,  un menor de 15 a\u00f1os que fue entregado luego a sus progenitores.<\/p>\n<p>Uno de los hechos ocurri\u00f3, en marco de diferentes operativos continuos, en calle Presidente Per\u00f3n y Chivilcoy, cuando personal policial procede a la aprehensi\u00f3n de un joven de 21 que circulaba a bordo de motocicleta marca Honda modelo Wave, cual presenta numeraci\u00f3n de cuadro adulterada  y tras consulta pertinente con radio estaci\u00f3n por n\u00famero de motor se constata que posee  PEDIDO DE SECUESTRO ACTIVO, fecha de alta 19\/06\/2018.<\/p>\n<p>Se traslado al joven a la Dependencia local y el rodado qued\u00f3 secuestrado en la misma.<\/p>\n<p>Tambi\u00e9n en calle Lavalle y Combate de Obligado se intercepto motocicleta marca Honda 110cc conducida por un menor de 15, la cual posee pedido de secuestro activo del a\u00f1o 2012 por el delito de HURTO.<\/p>\n<p>Interviene UFI del joven que  dispuso notificaci\u00f3n de actuaciones y entrega a progenitores.<\/p>\n","protected":false},"excerpt":{"rendered":"<p>Este lunes por la tarde, hubo dos aprehendidos por circular a bordo de motocicleta con pedido de captura activo, uno es un joven de 21 a\u00f1os de edad y el otro, un menor de 15 a\u00f1os que fue entregado luego a sus progenitores. Uno de los hechos ocurri\u00f3, en marco de diferentes operativos continuos, en [&hellip;]<\/p>\n","protected":false},"author":4,"featured_media":13371,"comment_status":"open","ping_status":"closed","sticky":false,"template":"","format":"standard","meta":{"om_disable_all_campaigns":false,"_jetpack_memberships_contains_paid_content":false,"footnotes":""},"categories":[2,103],"tags":[],"class_list":["post-35389","post","type-post","status-publish","format-standard","has-post-thumbnail","hentry","category-locales","category-policiales-locales"],"aioseo_notices":[],"gutentor_comment":0,"jetpack_featured_media_url":"https:\/\/eldiariodesanpedro.com.ar\/sitio\/wp-content\/uploads\/2017\/01\/Patrulla-3-e1485286104708.jpg","jetpack_shortlink":"https:\/\/wp.me\/p6RhLt-9cN","jetpack_sharing_enabled":true,"_links":{"self":[{"href":"https:\/\/eldiariodesanpedro.com.ar\/sitio\/wp-json\/wp\/v2\/posts\/35389","targetHints":{"allow":["GET"]}}],"collection":[{"href":"https:\/\/eldiariodesanpedro.com.ar\/sitio\/wp-json\/wp\/v2\/posts"}],"about":[{"href":"https:\/\/eldiariodesanpedro.com.ar\/sitio\/wp-json\/wp\/v2\/types\/post"}],"author":[{"embeddable":true,"href":"https:\/\/eldiariodesanpedro.com.ar\/sitio\/wp-json\/wp\/v2\/users\/4"}],"replies":[{"embeddable":true,"href":"https:\/\/eldiariodesanpedro.com.ar\/sitio\/wp-json\/wp\/v2\/comments?post=35389"}],"version-history":[{"count":1,"href":"https:\/\/eldiariodesanpedro.com.ar\/sitio\/wp-json\/wp\/v2\/posts\/35389\/revisions"}],"predecessor-version":[{"id":35394,"href":"https:\/\/eldiariodesanpedro.com.ar\/sitio\/wp-json\/wp\/v2\/posts\/35389\/revisions\/35394"}],"wp:featuredmedia":[{"embeddable":true,"href":"https:\/\/eldiariodesanpedro.com.ar\/sitio\/wp-json\/wp\/v2\/media\/13371"}],"wp:attachment":[{"href":"https:\/\/eldiariodesanpedro.com.ar\/sitio\/wp-json\/wp\/v2\/media?parent=35389"}],"wp:term":[{"taxonomy":"category","embeddable":true,"href":"https:\/\/eldiariodesanpedro.com.ar\/sitio\/wp-json\/wp\/v2\/categories?post=35389"},{"taxonomy":"post_tag","embeddable":true,"href":"https:\/\/eldiariodesanpedro.com.ar\/sitio\/wp-json\/wp\/v2\/tags?post=35389"}],"curies":[{"name":"wp","href":"https:\/\/api.w.org\/{rel}","templated":true}]}}