{"id":35372,"date":"2018-06-25T20:41:52","date_gmt":"2018-06-25T23:41:52","guid":{"rendered":"https:\/\/eldiariodesanpedro.com.ar\/sitio\/?p=35372"},"modified":"2018-06-25T20:41:52","modified_gmt":"2018-06-25T23:41:52","slug":"baradero-accidente-en-ruta-9-a-la-altura-de-alsina-un-auto-choco-una-vaca","status":"publish","type":"post","link":"https:\/\/eldiariodesanpedro.com.ar\/sitio\/baradero-accidente-en-ruta-9-a-la-altura-de-alsina-un-auto-choco-una-vaca\/","title":{"rendered":"BARADERO: Accidente en Ruta 9 a la altura de Alsina: Un auto choc\u00f3 una vaca"},"content":{"rendered":"<p><!-- VideographyWP Plugin Message: Automatic video embedding prevented by plugin options. --><br \/>\nFue este domingo por la madrugada en el kil\u00f3metro 114. En el veh\u00edculo se trasladaba una pareja junto a tres ni\u00f1as. Samuel, un testigo del hecho, afirma que no fue una tragedia porque el conductor luego del impacto se baj\u00f3 con una luz de emergencia a advertir a quienes ven\u00edan detr\u00e1s.<\/p>\n<p>  Samuel, un vecino de nuestra ciudad, quien circulaba a tan s\u00f3lo unos cuatro kil\u00f3metros detr\u00e1s de quienes sufrieron el accidente, se qued\u00f3 en el lugar ayudando a la familia oriunda de San Isidro que impact\u00f3 al animal. Incluso debieron iniciar un peque\u00f1o fuego porque el personal de Cincovial tard\u00f3 una hora y media en llegar al lugar. As\u00ed como tambi\u00e9n se demor\u00f3 la ambulancia para asistir a la familia.<\/p>\n<p>  Alrededor de las 2 un auto Chevrolet impact\u00f3 al animal que cruzaba el camino. Samuel cont\u00f3 en Tu Radio, que el hombre, baj\u00f3 inmediatamente del veh\u00edculo y que con una luz de emergencias avisaba a los conductores que esquiven al animal que yac\u00eda en mitad del camino.<\/p>\n<p>  Lamentablemente, al no haber personal de la empresa responsable de se\u00f1alizar, muchos conductores cre\u00edan que se trataba de un intento de robo y aumentaban la velocidad al verlos en el camino haciendo se\u00f1as.<\/p>\n<p>  \u201cDej\u00f3 a la familia en el auto y se baj\u00f3 a prevenir otro accidente\u201d relat\u00f3. Afirm\u00f3 que tanto el hombre como su pareja se encontraban golpeados por el cintur\u00f3n de seguridad y el airbag, pero que afortunadamente, no eran heridas de gravedad. Adem\u00e1s, dijo que las ni\u00f1as resultaron ilesas.<\/p>\n<p>  En el lugar hab\u00eda decenas de animales sueltos. \u201cSe ve\u00edan las huellas\u201d al costado del camino cont\u00f3 Samuel.<\/p>\n<p>Fuente: Tu l\u00ednea Directa<\/p>\n","protected":false},"excerpt":{"rendered":"<p>Fue este domingo por la madrugada en el kil\u00f3metro 114. En el veh\u00edculo se trasladaba una pareja junto a tres ni\u00f1as. Samuel, un testigo del hecho, afirma que no fue una tragedia porque el conductor luego del impacto se baj\u00f3 con una luz de emergencia a advertir a quienes ven\u00edan detr\u00e1s. Samuel, un vecino de [&hellip;]<\/p>\n","protected":false},"author":4,"featured_media":35374,"comment_status":"open","ping_status":"closed","sticky":false,"template":"","format":"standard","meta":{"om_disable_all_campaigns":false,"_jetpack_memberships_contains_paid_content":false,"footnotes":""},"categories":[621],"tags":[],"class_list":["post-35372","post","type-post","status-publish","format-standard","has-post-thumbnail","hentry","category-regionales"],"aioseo_notices":[],"gutentor_comment":0,"jetpack_featured_media_url":"https:\/\/eldiariodesanpedro.com.ar\/sitio\/wp-content\/uploads\/2018\/06\/Un-auto-choc\u00f3-una-vaca.jpg","jetpack_shortlink":"https:\/\/wp.me\/p6RhLt-9cw","jetpack_sharing_enabled":true,"_links":{"self":[{"href":"https:\/\/eldiariodesanpedro.com.ar\/sitio\/wp-json\/wp\/v2\/posts\/35372","targetHints":{"allow":["GET"]}}],"collection":[{"href":"https:\/\/eldiariodesanpedro.com.ar\/sitio\/wp-json\/wp\/v2\/posts"}],"about":[{"href":"https:\/\/eldiariodesanpedro.com.ar\/sitio\/wp-json\/wp\/v2\/types\/post"}],"author":[{"embeddable":true,"href":"https:\/\/eldiariodesanpedro.com.ar\/sitio\/wp-json\/wp\/v2\/users\/4"}],"replies":[{"embeddable":true,"href":"https:\/\/eldiariodesanpedro.com.ar\/sitio\/wp-json\/wp\/v2\/comments?post=35372"}],"version-history":[{"count":1,"href":"https:\/\/eldiariodesanpedro.com.ar\/sitio\/wp-json\/wp\/v2\/posts\/35372\/revisions"}],"predecessor-version":[{"id":35375,"href":"https:\/\/eldiariodesanpedro.com.ar\/sitio\/wp-json\/wp\/v2\/posts\/35372\/revisions\/35375"}],"wp:featuredmedia":[{"embeddable":true,"href":"https:\/\/eldiariodesanpedro.com.ar\/sitio\/wp-json\/wp\/v2\/media\/35374"}],"wp:attachment":[{"href":"https:\/\/eldiariodesanpedro.com.ar\/sitio\/wp-json\/wp\/v2\/media?parent=35372"}],"wp:term":[{"taxonomy":"category","embeddable":true,"href":"https:\/\/eldiariodesanpedro.com.ar\/sitio\/wp-json\/wp\/v2\/categories?post=35372"},{"taxonomy":"post_tag","embeddable":true,"href":"https:\/\/eldiariodesanpedro.com.ar\/sitio\/wp-json\/wp\/v2\/tags?post=35372"}],"curies":[{"name":"wp","href":"https:\/\/api.w.org\/{rel}","templated":true}]}}