{"id":35369,"date":"2018-06-25T20:40:35","date_gmt":"2018-06-25T23:40:35","guid":{"rendered":"https:\/\/eldiariodesanpedro.com.ar\/sitio\/?p=35369"},"modified":"2018-06-25T20:40:35","modified_gmt":"2018-06-25T23:40:35","slug":"san-antonio-de-areco-fallecio-una-mujer-en-incendio-en-una-vivienda","status":"publish","type":"post","link":"https:\/\/eldiariodesanpedro.com.ar\/sitio\/san-antonio-de-areco-fallecio-una-mujer-en-incendio-en-una-vivienda\/","title":{"rendered":"SAN ANTONIO DE ARECO: Falleci\u00f3 una mujer en incendio en una vivienda"},"content":{"rendered":"<p><!-- VideographyWP Plugin Message: Automatic video embedding prevented by plugin options. --><br \/>\nEl domingo se produjo un incendio en una vivienda ubicada sobre calle Irigoyen 223, ocasionado por una salamandra encendida. All\u00ed viv\u00eda un matrimonio, la mujer falleci\u00f3.<\/p>\n<p>  Eduardo Vasile y Celia Bousa viv\u00edan en la vivienda. A ra\u00edz del incendio, lamentablemente, la mujer falleci\u00f3.<br \/>\n  En el lugar se hicieron presentes Bomberos Voluntarios y una m\u00e9dica de Guardia del Hospital Zerboni -Dra Fabiana Retamal- quien certific\u00f3 el fallecimiento.<\/p>\n<p>  Tambi\u00e9n se present\u00f3 el Ayudante Fiscal local Dr. Chapounic, Polic\u00eda Cient\u00edfica y Bomberos de la Polic\u00eda de Luj\u00e1n para realizar pericia.<\/p>\n<p>  La causa est\u00e1 caratulada como Averiguaci\u00f3n de Causales de Muerte con intervenci\u00f3n de la Ayudant\u00eda Fiscal local UFI 6 Mercedes.<\/p>\n<p>Fuente: Bosco Producciones<\/p>\n","protected":false},"excerpt":{"rendered":"<p>El domingo se produjo un incendio en una vivienda ubicada sobre calle Irigoyen 223, ocasionado por una salamandra encendida. All\u00ed viv\u00eda un matrimonio, la mujer falleci\u00f3. Eduardo Vasile y Celia Bousa viv\u00edan en la vivienda. A ra\u00edz del incendio, lamentablemente, la mujer falleci\u00f3. En el lugar se hicieron presentes Bomberos Voluntarios y una m\u00e9dica de [&hellip;]<\/p>\n","protected":false},"author":4,"featured_media":35371,"comment_status":"open","ping_status":"closed","sticky":false,"template":"","format":"standard","meta":{"om_disable_all_campaigns":false,"_jetpack_memberships_contains_paid_content":false,"footnotes":""},"categories":[621],"tags":[],"class_list":["post-35369","post","type-post","status-publish","format-standard","has-post-thumbnail","hentry","category-regionales"],"aioseo_notices":[],"gutentor_comment":0,"jetpack_featured_media_url":"https:\/\/eldiariodesanpedro.com.ar\/sitio\/wp-content\/uploads\/2018\/06\/Falleci\u00f3-una-mujer-en-incendio-en-una-vivienda.jpg","jetpack_shortlink":"https:\/\/wp.me\/p6RhLt-9ct","jetpack_sharing_enabled":true,"_links":{"self":[{"href":"https:\/\/eldiariodesanpedro.com.ar\/sitio\/wp-json\/wp\/v2\/posts\/35369","targetHints":{"allow":["GET"]}}],"collection":[{"href":"https:\/\/eldiariodesanpedro.com.ar\/sitio\/wp-json\/wp\/v2\/posts"}],"about":[{"href":"https:\/\/eldiariodesanpedro.com.ar\/sitio\/wp-json\/wp\/v2\/types\/post"}],"author":[{"embeddable":true,"href":"https:\/\/eldiariodesanpedro.com.ar\/sitio\/wp-json\/wp\/v2\/users\/4"}],"replies":[{"embeddable":true,"href":"https:\/\/eldiariodesanpedro.com.ar\/sitio\/wp-json\/wp\/v2\/comments?post=35369"}],"version-history":[{"count":1,"href":"https:\/\/eldiariodesanpedro.com.ar\/sitio\/wp-json\/wp\/v2\/posts\/35369\/revisions"}],"predecessor-version":[{"id":35373,"href":"https:\/\/eldiariodesanpedro.com.ar\/sitio\/wp-json\/wp\/v2\/posts\/35369\/revisions\/35373"}],"wp:featuredmedia":[{"embeddable":true,"href":"https:\/\/eldiariodesanpedro.com.ar\/sitio\/wp-json\/wp\/v2\/media\/35371"}],"wp:attachment":[{"href":"https:\/\/eldiariodesanpedro.com.ar\/sitio\/wp-json\/wp\/v2\/media?parent=35369"}],"wp:term":[{"taxonomy":"category","embeddable":true,"href":"https:\/\/eldiariodesanpedro.com.ar\/sitio\/wp-json\/wp\/v2\/categories?post=35369"},{"taxonomy":"post_tag","embeddable":true,"href":"https:\/\/eldiariodesanpedro.com.ar\/sitio\/wp-json\/wp\/v2\/tags?post=35369"}],"curies":[{"name":"wp","href":"https:\/\/api.w.org\/{rel}","templated":true}]}}