{"id":35366,"date":"2018-06-25T20:38:41","date_gmt":"2018-06-25T23:38:41","guid":{"rendered":"https:\/\/eldiariodesanpedro.com.ar\/sitio\/?p=35366"},"modified":"2018-06-25T20:38:41","modified_gmt":"2018-06-25T23:38:41","slug":"arate-exitosa-jornada-de-donacion-de-sangre-para-una-nena-de-4-anos-que-sufre-de-leucemia","status":"publish","type":"post","link":"https:\/\/eldiariodesanpedro.com.ar\/sitio\/arate-exitosa-jornada-de-donacion-de-sangre-para-una-nena-de-4-anos-que-sufre-de-leucemia\/","title":{"rendered":"\u00c1RATE: Exitosa jornada de donaci\u00f3n de sangre para una nena de 4 a\u00f1os que sufre de leucemia"},"content":{"rendered":"<p><!-- VideographyWP Plugin Message: Automatic video embedding prevented by plugin options. --><br \/>\nM\u00e1s de 60 vecinos se acercaron para donar sangre en solidaridad por Leila Viera.<\/p>\n<p>  La actividad se llev\u00f3 a cabo en el Centro Cultural Municipal Tito Alberti con la presencia del Intendente Municipal Osvaldo C\u00e1ffaro, quien se acerc\u00f3 a acompa\u00f1ar a la familia de Leila y a agradecer tanto al Hospital Posadas como a todos los vecinos que se acercaron a donar sangre.<\/p>\n<p>  \u201cEs muy emocionante ver a tanta gente de la ciudad. Hace mucho tiempo que estamos pidiendo, acercamos el pedido al Hospital y ellos se encargaron de coordinar para conseguir el espacio\u201d, cuenta Jimena, hermana de la peque\u00f1a.<br \/>\n  La Secretar\u00eda de Salud hab\u00eda realizado el llamado a la solidaridad para que se acerquen los vecinos a donar sangre tanto para Leila que se encuentra internada en el Hospital Posadas, como para muchos otros chicos que all\u00ed tratan sus enfermedades. La respuesta de los vecinos de la ciudad, como es habitual, fue en gran medida. Muchos se han acercado a donar sangre bajo el lema de \u201cDonar sangre, salva vidas\u201d.<\/p>\n<p>  El Intendente C\u00e1ffaro, manifest\u00f3: \u201cLa conexi\u00f3n entre el Hospital Posadas y el Hospital Garrahan con nosotros, demuestra la capacidad de gesti\u00f3n de nuestro Municipio en las nuevas interacciones con otras instituciones porque solos no podemos y menos en estas situaciones tan cr\u00edticas\u201d.<\/p>\n<p>  Por su parte, la Secretaria de Salud municipal, Dra. Rosana N\u00fa\u00f1ez, afirm\u00f3: \u201cSiempre colaboramos con estas jornadas y en este caso fue gracias a Raquel, la t\u00eda de Leila, que se acerc\u00f3 a contarnos de la situaci\u00f3n de su sobrina y nosotros nos pusimos en contacto con el Hospital Posadas para poder realizar esta jornada de donaci\u00f3n\u201d.<br \/>\n  Respecto a la enfermedad que sufre la nena, la Secretaria N\u00fa\u00f1ez, explic\u00f3: \u201cEs una enfermedad que afecta a los gl\u00f3bulos blancos y hoy por hoy no hay mucho avance en leucemia. A la ciencia le falta mucho para poder tratarla, pero pensamos en que ella se va a poder recuperar y por eso ayudamos\u201d.<\/p>\n<p>N\u00fa\u00f1ez tambi\u00e9n indic\u00f3 que a partir de esta donaci\u00f3n, ya trabajar\u00e1n en conjunto con el Hospital Posadas, que se suma al Hospital Garrahan, para continuar con las campa\u00f1as de donaci\u00f3n.<\/p>\n<p>Fuente: Zarate Alerta<\/p>\n","protected":false},"excerpt":{"rendered":"<p>M\u00e1s de 60 vecinos se acercaron para donar sangre en solidaridad por Leila Viera. La actividad se llev\u00f3 a cabo en el Centro Cultural Municipal Tito Alberti con la presencia del Intendente Municipal Osvaldo C\u00e1ffaro, quien se acerc\u00f3 a acompa\u00f1ar a la familia de Leila y a agradecer tanto al Hospital Posadas como a todos [&hellip;]<\/p>\n","protected":false},"author":4,"featured_media":35368,"comment_status":"open","ping_status":"closed","sticky":false,"template":"","format":"standard","meta":{"om_disable_all_campaigns":false,"_jetpack_memberships_contains_paid_content":false,"footnotes":""},"categories":[621],"tags":[],"class_list":["post-35366","post","type-post","status-publish","format-standard","has-post-thumbnail","hentry","category-regionales"],"aioseo_notices":[],"gutentor_comment":0,"jetpack_featured_media_url":"https:\/\/eldiariodesanpedro.com.ar\/sitio\/wp-content\/uploads\/2018\/06\/jornada-de-donaci\u00f3n-de-sangre.jpg","jetpack_shortlink":"https:\/\/wp.me\/p6RhLt-9cq","jetpack_sharing_enabled":true,"_links":{"self":[{"href":"https:\/\/eldiariodesanpedro.com.ar\/sitio\/wp-json\/wp\/v2\/posts\/35366","targetHints":{"allow":["GET"]}}],"collection":[{"href":"https:\/\/eldiariodesanpedro.com.ar\/sitio\/wp-json\/wp\/v2\/posts"}],"about":[{"href":"https:\/\/eldiariodesanpedro.com.ar\/sitio\/wp-json\/wp\/v2\/types\/post"}],"author":[{"embeddable":true,"href":"https:\/\/eldiariodesanpedro.com.ar\/sitio\/wp-json\/wp\/v2\/users\/4"}],"replies":[{"embeddable":true,"href":"https:\/\/eldiariodesanpedro.com.ar\/sitio\/wp-json\/wp\/v2\/comments?post=35366"}],"version-history":[{"count":1,"href":"https:\/\/eldiariodesanpedro.com.ar\/sitio\/wp-json\/wp\/v2\/posts\/35366\/revisions"}],"predecessor-version":[{"id":35370,"href":"https:\/\/eldiariodesanpedro.com.ar\/sitio\/wp-json\/wp\/v2\/posts\/35366\/revisions\/35370"}],"wp:featuredmedia":[{"embeddable":true,"href":"https:\/\/eldiariodesanpedro.com.ar\/sitio\/wp-json\/wp\/v2\/media\/35368"}],"wp:attachment":[{"href":"https:\/\/eldiariodesanpedro.com.ar\/sitio\/wp-json\/wp\/v2\/media?parent=35366"}],"wp:term":[{"taxonomy":"category","embeddable":true,"href":"https:\/\/eldiariodesanpedro.com.ar\/sitio\/wp-json\/wp\/v2\/categories?post=35366"},{"taxonomy":"post_tag","embeddable":true,"href":"https:\/\/eldiariodesanpedro.com.ar\/sitio\/wp-json\/wp\/v2\/tags?post=35366"}],"curies":[{"name":"wp","href":"https:\/\/api.w.org\/{rel}","templated":true}]}}