{"id":35364,"date":"2018-06-25T20:36:07","date_gmt":"2018-06-25T23:36:07","guid":{"rendered":"https:\/\/eldiariodesanpedro.com.ar\/sitio\/?p=35364"},"modified":"2018-06-25T20:36:07","modified_gmt":"2018-06-25T23:36:07","slug":"rojas-colocacion-gratuita-de-protesis-dentales","status":"publish","type":"post","link":"https:\/\/eldiariodesanpedro.com.ar\/sitio\/rojas-colocacion-gratuita-de-protesis-dentales\/","title":{"rendered":"ROJAS: Colocaci\u00f3n gratuita de pr\u00f3tesis dentales"},"content":{"rendered":"<p><!-- VideographyWP Plugin Message: Automatic video embedding prevented by plugin options. --><br \/>\nIntegrantes de la Direcci\u00f3n de Salud Bucal, dependiente del Ministerio de Salud de la Provincia de Buenos Aires, conjuntamente con personal local, llevaron adelante el Programa \u201cPr\u00f3tesis\u201d en el Centro Integrador Comunitario.<\/p>\n<p>  Se colocaron pr\u00f3tesis a 16 nuevos pacientes y compartieron impresiones con otros 15 que hab\u00edan accedido al plan anteriormente. Tras finalizar se realiz\u00f3 una capacitaci\u00f3n para referentes de toda la regi\u00f3n sobre el programa \u201cBarnices Fluorados\u201d, que est\u00e1 dirigido a alumnos de Jardines de Infantes.<\/p>\n<p>Fuente: rojas.gov.ar<\/p>\n","protected":false},"excerpt":{"rendered":"<p>Integrantes de la Direcci\u00f3n de Salud Bucal, dependiente del Ministerio de Salud de la Provincia de Buenos Aires, conjuntamente con personal local, llevaron adelante el Programa \u201cPr\u00f3tesis\u201d en el Centro Integrador Comunitario. Se colocaron pr\u00f3tesis a 16 nuevos pacientes y compartieron impresiones con otros 15 que hab\u00edan accedido al plan anteriormente. Tras finalizar se realiz\u00f3 [&hellip;]<\/p>\n","protected":false},"author":4,"featured_media":35365,"comment_status":"open","ping_status":"closed","sticky":false,"template":"","format":"standard","meta":{"om_disable_all_campaigns":false,"_jetpack_memberships_contains_paid_content":false,"footnotes":""},"categories":[621],"tags":[],"class_list":["post-35364","post","type-post","status-publish","format-standard","has-post-thumbnail","hentry","category-regionales"],"aioseo_notices":[],"gutentor_comment":0,"jetpack_featured_media_url":"https:\/\/eldiariodesanpedro.com.ar\/sitio\/wp-content\/uploads\/2018\/06\/Colocaci\u00f3n-gratuita-de-pr\u00f3tesis-dentales.jpg","jetpack_shortlink":"https:\/\/wp.me\/p6RhLt-9co","jetpack_sharing_enabled":true,"_links":{"self":[{"href":"https:\/\/eldiariodesanpedro.com.ar\/sitio\/wp-json\/wp\/v2\/posts\/35364","targetHints":{"allow":["GET"]}}],"collection":[{"href":"https:\/\/eldiariodesanpedro.com.ar\/sitio\/wp-json\/wp\/v2\/posts"}],"about":[{"href":"https:\/\/eldiariodesanpedro.com.ar\/sitio\/wp-json\/wp\/v2\/types\/post"}],"author":[{"embeddable":true,"href":"https:\/\/eldiariodesanpedro.com.ar\/sitio\/wp-json\/wp\/v2\/users\/4"}],"replies":[{"embeddable":true,"href":"https:\/\/eldiariodesanpedro.com.ar\/sitio\/wp-json\/wp\/v2\/comments?post=35364"}],"version-history":[{"count":1,"href":"https:\/\/eldiariodesanpedro.com.ar\/sitio\/wp-json\/wp\/v2\/posts\/35364\/revisions"}],"predecessor-version":[{"id":35367,"href":"https:\/\/eldiariodesanpedro.com.ar\/sitio\/wp-json\/wp\/v2\/posts\/35364\/revisions\/35367"}],"wp:featuredmedia":[{"embeddable":true,"href":"https:\/\/eldiariodesanpedro.com.ar\/sitio\/wp-json\/wp\/v2\/media\/35365"}],"wp:attachment":[{"href":"https:\/\/eldiariodesanpedro.com.ar\/sitio\/wp-json\/wp\/v2\/media?parent=35364"}],"wp:term":[{"taxonomy":"category","embeddable":true,"href":"https:\/\/eldiariodesanpedro.com.ar\/sitio\/wp-json\/wp\/v2\/categories?post=35364"},{"taxonomy":"post_tag","embeddable":true,"href":"https:\/\/eldiariodesanpedro.com.ar\/sitio\/wp-json\/wp\/v2\/tags?post=35364"}],"curies":[{"name":"wp","href":"https:\/\/api.w.org\/{rel}","templated":true}]}}