{"id":35360,"date":"2018-06-25T20:32:54","date_gmt":"2018-06-25T23:32:54","guid":{"rendered":"https:\/\/eldiariodesanpedro.com.ar\/sitio\/?p=35360"},"modified":"2018-06-25T20:32:54","modified_gmt":"2018-06-25T23:32:54","slug":"programa-de-educacion-vial-en-rio-tala","status":"publish","type":"post","link":"https:\/\/eldiariodesanpedro.com.ar\/sitio\/programa-de-educacion-vial-en-rio-tala\/","title":{"rendered":"Programa de Educaci\u00f3n Vial en R\u00edo Tala"},"content":{"rendered":"<p><!-- VideographyWP Plugin Message: Automatic video embedding prevented by plugin options. --><br \/>\nLa Secretar\u00eda de Seguridad de la que depende el \u00e1rea de Inspecci\u00f3n General efect\u00faa todos los a\u00f1os encuentros did\u00e1cticos sobre Educaci\u00f3n Vial en escuelas del Partido de San Pedro. <\/p>\n<p>  Las experiencias que son siempre muy interesantes por el efecto que provocan en los ni\u00f1os estas recomendaciones y el modo en el que luego trasladan estos conceptos a sus casas, se repiten peri\u00f3dicamente. El programa de Charlas de Educaci\u00f3n Vial, en este caso, se concentr\u00f3 en ni\u00f1os de 6, 7 y 8 a\u00f1os con una actividad en la Escuela N\u00b012 de R\u00edo Tala. <\/p>\n<p>  En la jornada se plantearon ejemplos y situaciones cotidianas para generar mayor conciencia sobre la prevenci\u00f3n para los futuros conductores.<\/p>\n","protected":false},"excerpt":{"rendered":"<p>La Secretar\u00eda de Seguridad de la que depende el \u00e1rea de Inspecci\u00f3n General efect\u00faa todos los a\u00f1os encuentros did\u00e1cticos sobre Educaci\u00f3n Vial en escuelas del Partido de San Pedro. Las experiencias que son siempre muy interesantes por el efecto que provocan en los ni\u00f1os estas recomendaciones y el modo en el que luego trasladan estos [&hellip;]<\/p>\n","protected":false},"author":4,"featured_media":35362,"comment_status":"open","ping_status":"closed","sticky":false,"template":"","format":"standard","meta":{"om_disable_all_campaigns":false,"_jetpack_memberships_contains_paid_content":false,"footnotes":""},"categories":[101,2],"tags":[],"class_list":["post-35360","post","type-post","status-publish","format-standard","has-post-thumbnail","hentry","category-interes-general-locales","category-locales"],"aioseo_notices":[],"gutentor_comment":0,"jetpack_featured_media_url":"https:\/\/eldiariodesanpedro.com.ar\/sitio\/wp-content\/uploads\/2018\/06\/Encuentro-did\u00e1ctico-sobre-educaci\u00f3n-vial.jpg","jetpack_shortlink":"https:\/\/wp.me\/p6RhLt-9ck","jetpack_sharing_enabled":true,"_links":{"self":[{"href":"https:\/\/eldiariodesanpedro.com.ar\/sitio\/wp-json\/wp\/v2\/posts\/35360","targetHints":{"allow":["GET"]}}],"collection":[{"href":"https:\/\/eldiariodesanpedro.com.ar\/sitio\/wp-json\/wp\/v2\/posts"}],"about":[{"href":"https:\/\/eldiariodesanpedro.com.ar\/sitio\/wp-json\/wp\/v2\/types\/post"}],"author":[{"embeddable":true,"href":"https:\/\/eldiariodesanpedro.com.ar\/sitio\/wp-json\/wp\/v2\/users\/4"}],"replies":[{"embeddable":true,"href":"https:\/\/eldiariodesanpedro.com.ar\/sitio\/wp-json\/wp\/v2\/comments?post=35360"}],"version-history":[{"count":1,"href":"https:\/\/eldiariodesanpedro.com.ar\/sitio\/wp-json\/wp\/v2\/posts\/35360\/revisions"}],"predecessor-version":[{"id":35363,"href":"https:\/\/eldiariodesanpedro.com.ar\/sitio\/wp-json\/wp\/v2\/posts\/35360\/revisions\/35363"}],"wp:featuredmedia":[{"embeddable":true,"href":"https:\/\/eldiariodesanpedro.com.ar\/sitio\/wp-json\/wp\/v2\/media\/35362"}],"wp:attachment":[{"href":"https:\/\/eldiariodesanpedro.com.ar\/sitio\/wp-json\/wp\/v2\/media?parent=35360"}],"wp:term":[{"taxonomy":"category","embeddable":true,"href":"https:\/\/eldiariodesanpedro.com.ar\/sitio\/wp-json\/wp\/v2\/categories?post=35360"},{"taxonomy":"post_tag","embeddable":true,"href":"https:\/\/eldiariodesanpedro.com.ar\/sitio\/wp-json\/wp\/v2\/tags?post=35360"}],"curies":[{"name":"wp","href":"https:\/\/api.w.org\/{rel}","templated":true}]}}