{"id":35358,"date":"2018-06-25T20:31:28","date_gmt":"2018-06-25T23:31:28","guid":{"rendered":"https:\/\/eldiariodesanpedro.com.ar\/sitio\/?p=35358"},"modified":"2018-06-25T20:31:28","modified_gmt":"2018-06-25T23:31:28","slug":"charlas-escolares-sobre-pediculosis-y-escabiosis-en-santa-lucia","status":"publish","type":"post","link":"https:\/\/eldiariodesanpedro.com.ar\/sitio\/charlas-escolares-sobre-pediculosis-y-escabiosis-en-santa-lucia\/","title":{"rendered":"Charlas escolares sobre Pediculosis y Escabiosis en Santa Luc\u00eda"},"content":{"rendered":"<p><!-- VideographyWP Plugin Message: Automatic video embedding prevented by plugin options. --><br \/>\nDesde la Subsecretar\u00eda de Salud, en conjunto con los diferentes establecimientos educativos de la ciudad, se han planificado charlas did\u00e1cticas para los ni\u00f1os y sus padres compartiendo informaci\u00f3n sobre temas que pueden resultar de inter\u00e9s. <\/p>\n<p>  Dentro de estas actividades que modifican la din\u00e1mica escolar, pero aportan recomendaciones muy importantes, se organiz\u00f3 en la \u00faltima semana una charla sobre Pediculosis y Escabiosis en la Escuela N\u00b0 22 Tambor de Tacuar\u00ed de Santa Luc\u00eda. La misma estuvo a cargo de la Dra. Silvana Morales y fue coordinada por la Direcci\u00f3n del Hospital de Santa Luc\u00eda y la escuela con la participaci\u00f3n de un gran n\u00famero de alumnos y adultos.<\/p>\n","protected":false},"excerpt":{"rendered":"<p>Desde la Subsecretar\u00eda de Salud, en conjunto con los diferentes establecimientos educativos de la ciudad, se han planificado charlas did\u00e1cticas para los ni\u00f1os y sus padres compartiendo informaci\u00f3n sobre temas que pueden resultar de inter\u00e9s. Dentro de estas actividades que modifican la din\u00e1mica escolar, pero aportan recomendaciones muy importantes, se organiz\u00f3 en la \u00faltima semana [&hellip;]<\/p>\n","protected":false},"author":4,"featured_media":35359,"comment_status":"open","ping_status":"closed","sticky":false,"template":"","format":"standard","meta":{"om_disable_all_campaigns":false,"_jetpack_memberships_contains_paid_content":false,"footnotes":""},"categories":[101,2],"tags":[],"class_list":["post-35358","post","type-post","status-publish","format-standard","has-post-thumbnail","hentry","category-interes-general-locales","category-locales"],"aioseo_notices":[],"gutentor_comment":0,"jetpack_featured_media_url":"https:\/\/eldiariodesanpedro.com.ar\/sitio\/wp-content\/uploads\/2018\/06\/Charlas-escolares-sobre-Pediculosis-y-Escabiosis-en-Santa-Luc\u00eda.jpg","jetpack_shortlink":"https:\/\/wp.me\/p6RhLt-9ci","jetpack_sharing_enabled":true,"_links":{"self":[{"href":"https:\/\/eldiariodesanpedro.com.ar\/sitio\/wp-json\/wp\/v2\/posts\/35358","targetHints":{"allow":["GET"]}}],"collection":[{"href":"https:\/\/eldiariodesanpedro.com.ar\/sitio\/wp-json\/wp\/v2\/posts"}],"about":[{"href":"https:\/\/eldiariodesanpedro.com.ar\/sitio\/wp-json\/wp\/v2\/types\/post"}],"author":[{"embeddable":true,"href":"https:\/\/eldiariodesanpedro.com.ar\/sitio\/wp-json\/wp\/v2\/users\/4"}],"replies":[{"embeddable":true,"href":"https:\/\/eldiariodesanpedro.com.ar\/sitio\/wp-json\/wp\/v2\/comments?post=35358"}],"version-history":[{"count":1,"href":"https:\/\/eldiariodesanpedro.com.ar\/sitio\/wp-json\/wp\/v2\/posts\/35358\/revisions"}],"predecessor-version":[{"id":35361,"href":"https:\/\/eldiariodesanpedro.com.ar\/sitio\/wp-json\/wp\/v2\/posts\/35358\/revisions\/35361"}],"wp:featuredmedia":[{"embeddable":true,"href":"https:\/\/eldiariodesanpedro.com.ar\/sitio\/wp-json\/wp\/v2\/media\/35359"}],"wp:attachment":[{"href":"https:\/\/eldiariodesanpedro.com.ar\/sitio\/wp-json\/wp\/v2\/media?parent=35358"}],"wp:term":[{"taxonomy":"category","embeddable":true,"href":"https:\/\/eldiariodesanpedro.com.ar\/sitio\/wp-json\/wp\/v2\/categories?post=35358"},{"taxonomy":"post_tag","embeddable":true,"href":"https:\/\/eldiariodesanpedro.com.ar\/sitio\/wp-json\/wp\/v2\/tags?post=35358"}],"curies":[{"name":"wp","href":"https:\/\/api.w.org\/{rel}","templated":true}]}}