{"id":35342,"date":"2018-06-25T11:34:17","date_gmt":"2018-06-25T14:34:17","guid":{"rendered":"https:\/\/eldiariodesanpedro.com.ar\/sitio\/?p=35342"},"modified":"2026-01-24T00:13:24","modified_gmt":"2026-01-24T03:13:24","slug":"mitre-ante-gral-san-martin-y-la-esperanza-con-las-palmeras-definiran-el-torneo-apertura","status":"publish","type":"post","link":"https:\/\/eldiariodesanpedro.com.ar\/sitio\/mitre-ante-gral-san-martin-y-la-esperanza-con-las-palmeras-definiran-el-torneo-apertura\/","title":{"rendered":"Mitre ante Gral. San Mart\u00edn y La Esperanza con Las Palmeras definir\u00e1n el Torneo Apertura"},"content":{"rendered":"<p><!-- VideographyWP Plugin Message: Automatic video embedding prevented by plugin options. --><br \/>\nSe jug\u00f3 este fin de semana los partidos de cuartos de final del Torneo Apertura Anual Clasificatorio \u201cJorge Santiso\u201d. El s\u00e1bado con el inolvidable triunfo de Mitre sobre Paran\u00e1 4 a 3 y el domingo el resto. Las Palmeras dio el \u201cbatacazo\u201d de la jornada al ganar en Baradero a Sportivo 2 a 1 y La Esperanza \u2013Atl\u00e9tico y Gral. San mart\u00edn \u2013Banfield definieron el pase en los penales.<\/p>\n<p>El cl\u00e1sico tuvo su atractivo en el \u201ccoloso de cemento\u201d, buena cantidad de p\u00fablico acompa\u00f1\u00f3 el adelanto de una final, el partido tuvo siete goles y fue atractivo, con muchas emociones y; el pase de Mitre fue inolvidable, porque lo perd\u00eda 3 a 1 y termin\u00f3 venciendo 4 a 3 con un jugador menos por expulsi\u00f3n de Esp\u00edndola.<\/p>\n<p>Formaciones<br \/>\nMitre 4-Paran\u00e1 3<br \/>\nMitre: Braian Chebeste, Lautaro Velasco, C\u00e9sar Gorbar\u00e1n, Maxi Perfume, Francisco Ramis, Valent\u00edn Escobar, Bautista<br \/>\nMallo (Lucas Franchini), Mateo G\u00f3mez, Marcelo Rodr\u00edguez (Manuel Azimonti), Francisco Esp\u00edndola y Mariano Mattig<br \/>\n(Juan M. Rodr\u00edguez).<br \/>\nParan\u00e1 FC: Emiliano Piri, Agust\u00edn Castro, Facundo Arrieta, \u00c1lvaro Garc\u00eda (Jos\u00e9 Sepich), Nicol\u00e1s Ledesma, Benjam\u00edn<br \/>\nTorrillo, Valent\u00edn Ramos (Mat\u00edas Longueira), Emanuel \u00c1lvarez, Jonatan Cerruti, Franco Boaglio e Ignacio Trelles (Ramiro<br \/>\nMachado). DT: Gustavo Fortunato.<br \/>\nGoles: 3m y 29m Cerruti (P), 8m, 42m y 80m Marcelo Rodr\u00edguez (M) de tiro penal, 25m Boaglio (P), 70m Mallo<br \/>\n(M). Incidencias: Exp. a los 55m Esp\u00edndola (M) y 90m Castro (P). \u00c1rbitro: Santiago Banegas<\/p>\n<p><img decoding=\"async\" data-attachment-id=\"35343\" data-permalink=\"https:\/\/eldiariodesanpedro.com.ar\/sitio\/mitre-ante-gral-san-martin-y-la-esperanza-con-las-palmeras-definiran-el-torneo-apertura\/foto-1-9\/\" data-orig-file=\"https:\/\/eldiariodesanpedro.com.ar\/sitio\/wp-content\/uploads\/2018\/06\/foto-1-e1529937613411.jpg\" data-orig-size=\"1000,750\" data-comments-opened=\"1\" data-image-meta=\"{&quot;aperture&quot;:&quot;10&quot;,&quot;credit&quot;:&quot;&quot;,&quot;camera&quot;:&quot;FinePix S4000&quot;,&quot;caption&quot;:&quot;&quot;,&quot;created_timestamp&quot;:&quot;956268039&quot;,&quot;copyright&quot;:&quot;&quot;,&quot;focal_length&quot;:&quot;7.3&quot;,&quot;iso&quot;:&quot;64&quot;,&quot;shutter_speed&quot;:&quot;0.0083333333333333&quot;,&quot;title&quot;:&quot;&quot;,&quot;orientation&quot;:&quot;1&quot;}\" data-image-title=\"foto 1\" data-image-description=\"\" data-image-caption=\"\" data-large-file=\"https:\/\/eldiariodesanpedro.com.ar\/sitio\/wp-content\/uploads\/2018\/06\/foto-1-1024x768.jpg\" data-src=\"https:\/\/eldiariodesanpedro.com.ar\/sitio\/wp-content\/uploads\/2018\/06\/foto-1-1024x768.jpg\" alt=\"\" width=\"660\" height=\"495\" class=\"alignnone size-large wp-image-35343 lazyload\" src=\"data:image\/svg+xml;base64,PHN2ZyB3aWR0aD0iMSIgaGVpZ2h0PSIxIiB4bWxucz0iaHR0cDovL3d3dy53My5vcmcvMjAwMC9zdmciPjwvc3ZnPg==\" style=\"--smush-placeholder-width: 660px; --smush-placeholder-aspect-ratio: 660\/495;\" \/><\/p>\n<p>El elenco de R\u00edo Tala dio la gran sorpresa de cuartos de final al superar a Sportivo Baradero en su cancha dos a uno. Lo<br \/>\nganaba el \u201clobo\u201d con gol de Hern\u00e1ndez y dominaba las acciones, pero cuando el equipo de Pistan se par\u00f3 bien en la cancha<br \/>\nlas acciones comenzaron a llegar, tanto que pudo revertir el marcador con goles de G\u00f3mez y Garc\u00eda de penal.<\/p>\n<p>Sportivo 1-Las Palmeras 2<br \/>\nSportivo: Joel Savoy, Claudio N\u00fa\u00f1ez, Fernando Ceballos, Gerardo G\u00f3mez,Facundo Gastellu, Dino D\u00b4Angelo, Agust\u00edn Poll,<br \/>\nMarcos Hern\u00e1ndez, Angel Salvo, Santiago Sandoval y Nicol\u00e1s Simour. DT: Emanuel Ru\u00edz. Relevos: Adri\u00e1n Giamperetti,<br \/>\nC\u00e9sar Machena, Ariel Mar\u00edn, Nicol\u00e1s Petruzzelli y Dar\u00edo Sandoval.<br \/>\nLas Palmeras: El\u00edas Salom\u00f3n, Enrique Hern\u00e1ndez, Luis Barreto, Gustavo Acosta, Miguel Velo, Esteban Garc\u00eda, Nazareno<br \/>\nG\u00f3mez, Dar\u00edo Mart\u00ednez, Joel Arriola, Gast\u00f3n Garc\u00eda y Sergio Torrens. DT: Javier Pistan. Relevos: Jerem\u00edas Garc\u00eda, H\u00e9ctor<br \/>\nGiuliani,Enzo Durand, Juan Llorens y Jonathan Ojeda.<br \/>\nGoles: PT: Marcos Hern\u00e1ndez (S). ST: Nazareno G\u00f3mez (LP), Esteban Garc\u00eda (LP) de tiro penal. \u00c1rbitro: Federico Cantero<\/p>\n<p><img decoding=\"async\" data-attachment-id=\"35344\" data-permalink=\"https:\/\/eldiariodesanpedro.com.ar\/sitio\/mitre-ante-gral-san-martin-y-la-esperanza-con-las-palmeras-definiran-el-torneo-apertura\/foto-2-8\/\" data-orig-file=\"https:\/\/eldiariodesanpedro.com.ar\/sitio\/wp-content\/uploads\/2018\/06\/foto-2-e1529937596873.jpg\" data-orig-size=\"1000,750\" data-comments-opened=\"1\" data-image-meta=\"{&quot;aperture&quot;:&quot;8&quot;,&quot;credit&quot;:&quot;&quot;,&quot;camera&quot;:&quot;FinePix S4000&quot;,&quot;caption&quot;:&quot;&quot;,&quot;created_timestamp&quot;:&quot;956353969&quot;,&quot;copyright&quot;:&quot;&quot;,&quot;focal_length&quot;:&quot;4.3&quot;,&quot;iso&quot;:&quot;64&quot;,&quot;shutter_speed&quot;:&quot;0.0071428571428571&quot;,&quot;title&quot;:&quot;&quot;,&quot;orientation&quot;:&quot;1&quot;}\" data-image-title=\"foto 2\" data-image-description=\"\" data-image-caption=\"\" data-large-file=\"https:\/\/eldiariodesanpedro.com.ar\/sitio\/wp-content\/uploads\/2018\/06\/foto-2-1024x768.jpg\" data-src=\"https:\/\/eldiariodesanpedro.com.ar\/sitio\/wp-content\/uploads\/2018\/06\/foto-2-1024x768.jpg\" alt=\"\" width=\"660\" height=\"495\" class=\"alignnone size-large wp-image-35344 lazyload\" src=\"data:image\/svg+xml;base64,PHN2ZyB3aWR0aD0iMSIgaGVpZ2h0PSIxIiB4bWxucz0iaHR0cDovL3d3dy53My5vcmcvMjAwMC9zdmciPjwvc3ZnPg==\" style=\"--smush-placeholder-width: 660px; --smush-placeholder-aspect-ratio: 660\/495;\" \/><\/p>\n<p>La Esperanza 2 (4)- Atl\u00e9tico 2 (3)<\/p>\n<p>Paridad absoluta en los 90 minutos, ya que cada uno tuvo su cuarto de hora para desnivelar o marcar diferencia, pero el<br \/>\nempate los encontr\u00f3 en el final. Buena actuaci\u00f3n de, los delanteros, por el local convirtieron los dos juveniles: Iglesias y<br \/>\nCorradini y por la visita lo hizo el sampedrino Iago Borjes por partida doble. En los penales el triunfo fue del verde por una<br \/>\ngran actuaci\u00f3n de Eduardo Oilher que contuvo dos remates<br \/>\nLa Esperanza: Eduardo Oilher, Gabriel Sans\u00f3, Rodolfo Altolaguirre, Mart\u00edn Gorbar\u00e1n, Alejandro Biain, Gustavo Pedraza,<br \/>\nMart\u00edn Saucedo, Gaspar Mallo, Juan Cruz Corradini, Diego Iglesias, y Sergio Salom\u00f3n. DT: Gerardo Biain.<br \/>\nAtl\u00e9tico: Esteban Pontalti, Jonathan Krampitz, Lucas Pulimeni, Facundo Fern\u00e1ndez, Leandro Romero, Agust\u00edn Moreira,<br \/>\nNicol\u00e1s Devincenzo, Kevin Seisdedos, Iago Borjes, El\u00edas Caballero y Hugo Siffredi. DT: Devincenzo.<br \/>\nGoles: 12m Diego Iglesias (LE), 28m y 52m Iago Borjes (A), 51m Juan C. Corradini (LE). Incidencias: 62m exp. A. Biain<br \/>\n(LE), 75m M. Luna (A) y 88m Krampitz (A).<br \/>\nPenales: Por La Esperanza convirtieron Sans\u00f3, Iglesias, Saucedo y Oilher. El remate de Pedraza lo rechaz\u00f3 Pontalti. Por<br \/>\nAtl\u00e9tico convirtieron Romero, Mart\u00edn y Borjes. Los remates de Pulimeni y Seisdedos los rechaz\u00f3 Oilher. \u00c1rbitro: Oscar<br \/>\nRomero<\/p>\n<p><img decoding=\"async\" data-attachment-id=\"35345\" data-permalink=\"https:\/\/eldiariodesanpedro.com.ar\/sitio\/mitre-ante-gral-san-martin-y-la-esperanza-con-las-palmeras-definiran-el-torneo-apertura\/foto-3-6\/\" data-orig-file=\"https:\/\/eldiariodesanpedro.com.ar\/sitio\/wp-content\/uploads\/2018\/06\/foto-3-e1529937566250.jpg\" data-orig-size=\"1000,750\" data-comments-opened=\"1\" data-image-meta=\"{&quot;aperture&quot;:&quot;3.5&quot;,&quot;credit&quot;:&quot;&quot;,&quot;camera&quot;:&quot;FinePix S5800 S800&quot;,&quot;caption&quot;:&quot;&quot;,&quot;created_timestamp&quot;:&quot;1514862043&quot;,&quot;copyright&quot;:&quot;&quot;,&quot;focal_length&quot;:&quot;6.3&quot;,&quot;iso&quot;:&quot;64&quot;,&quot;shutter_speed&quot;:&quot;0.019230769230769&quot;,&quot;title&quot;:&quot;&quot;,&quot;orientation&quot;:&quot;1&quot;}\" data-image-title=\"foto 3\" data-image-description=\"\" data-image-caption=\"\" data-large-file=\"https:\/\/eldiariodesanpedro.com.ar\/sitio\/wp-content\/uploads\/2018\/06\/foto-3-1024x768.jpg\" class=\"size-large wp-image-35345 aligncenter lazyload\" data-src=\"https:\/\/eldiariodesanpedro.com.ar\/sitio\/wp-content\/uploads\/2018\/06\/foto-3-1024x768.jpg\" alt=\"\" width=\"660\" height=\"495\" src=\"data:image\/svg+xml;base64,PHN2ZyB3aWR0aD0iMSIgaGVpZ2h0PSIxIiB4bWxucz0iaHR0cDovL3d3dy53My5vcmcvMjAwMC9zdmciPjwvc3ZnPg==\" style=\"--smush-placeholder-width: 660px; --smush-placeholder-aspect-ratio: 660\/495;\" \/><\/p>\n<p>Pudo ser del \u201ctaladro\u201d ya que faltaba poco para el final cuando el \u201cGeneral\u201d lo empat\u00f3, en un muy lindo partido, por<br \/>\nmomento bien jugado y con mucho ritmo. En la definici\u00f3n de los penales lo gan\u00f3 el local que tuvo mayor acierto.<\/p>\n<p>Gral. San Mart\u00edn 1 (4)-Banfield 1 (2)<br \/>\nGral. San Mart\u00edn: Tom\u00e1s Mastroiani, Daniel M\u00e9ndez, Lautaro Rodr\u00edguez, Miguel Malinauskas, Robertino Stoccafisso,<br \/>\nMat\u00edas M\u00e9ndez, Leonel Olivera, Alejandro Peyrouzelle, Hern\u00e1n Ansaloni, Jos\u00e9 G\u00f3mez, Joaqu\u00edn Vaquero. DT: Nahuel Ru\u00edz<br \/>\nD\u00edaz, Roque Quiroga.<br \/>\nBanfield: Mat\u00edas Sampedro, Elio Lencina, Rodrigo Figueroa, Nicol\u00e1s Bustamante, Alexis Aguilar, Mat\u00edas Torre, F\u00e9lix<br \/>\nBoaglio, Eduardo Balladares, Neri Santomil, Enzo Monzalvo y Rodrigo Llull. DT: Alberto Aguilar. Goles: 10m Neri<br \/>\nSantomil (B), 87m Axel Malinauskas (SM). \u00c1rbitro: Horacio Arias.<\/p>\n<p><img decoding=\"async\" data-attachment-id=\"35346\" data-permalink=\"https:\/\/eldiariodesanpedro.com.ar\/sitio\/mitre-ante-gral-san-martin-y-la-esperanza-con-las-palmeras-definiran-el-torneo-apertura\/foto-4-2\/\" data-orig-file=\"https:\/\/eldiariodesanpedro.com.ar\/sitio\/wp-content\/uploads\/2018\/06\/foto-4-e1529937546947.jpg\" data-orig-size=\"1000,563\" data-comments-opened=\"1\" data-image-meta=\"{&quot;aperture&quot;:&quot;0&quot;,&quot;credit&quot;:&quot;&quot;,&quot;camera&quot;:&quot;&quot;,&quot;caption&quot;:&quot;&quot;,&quot;created_timestamp&quot;:&quot;0&quot;,&quot;copyright&quot;:&quot;&quot;,&quot;focal_length&quot;:&quot;0&quot;,&quot;iso&quot;:&quot;0&quot;,&quot;shutter_speed&quot;:&quot;0&quot;,&quot;title&quot;:&quot;&quot;,&quot;orientation&quot;:&quot;0&quot;}\" data-image-title=\"foto 4\" data-image-description=\"\" data-image-caption=\"\" data-large-file=\"https:\/\/eldiariodesanpedro.com.ar\/sitio\/wp-content\/uploads\/2018\/06\/foto-4-1024x577.jpg\" class=\"size-large wp-image-35346 aligncenter lazyload\" data-src=\"https:\/\/eldiariodesanpedro.com.ar\/sitio\/wp-content\/uploads\/2018\/06\/foto-4-1024x577.jpg\" alt=\"\" width=\"660\" height=\"372\" src=\"data:image\/svg+xml;base64,PHN2ZyB3aWR0aD0iMSIgaGVpZ2h0PSIxIiB4bWxucz0iaHR0cDovL3d3dy53My5vcmcvMjAwMC9zdmciPjwvc3ZnPg==\" style=\"--smush-placeholder-width: 660px; --smush-placeholder-aspect-ratio: 660\/372;\" \/><\/p>\n<p>Semifinales<br \/>\nPartidos de ida y vuelta, define en cancha de mejor ubicado<br \/>\nPartidos de ida:<br \/>\nLas Palmeras vs. La Esperanza<br \/>\nGral. San Mart\u00edn vs. Mitre<br \/>\nResultados de inferiores<br \/>\nSe jugaron partidos de ida por las semi de inferiores:<br \/>\nQuinta: Mitre 0 \u2013 Paran\u00e1 4 y La Esperanza 0-Independencia 2<br \/>\nCuarta: Mitre 0-Paran\u00e1 1 y La Esperanza 2 \u2013Atl\u00e9tico 0<\/p>\n","protected":false},"excerpt":{"rendered":"<p>Se jug\u00f3 este fin de semana los partidos de cuartos de final del Torneo Apertura Anual Clasificatorio \u201cJorge Santiso\u201d. El s\u00e1bado con el inolvidable triunfo de Mitre sobre Paran\u00e1 4 a 3 y el domingo el resto. Las Palmeras dio el \u201cbatacazo\u201d de la jornada al ganar en Baradero a Sportivo 2 a 1 y [&hellip;]<\/p>\n","protected":false},"author":4,"featured_media":35347,"comment_status":"open","ping_status":"closed","sticky":false,"template":"","format":"standard","meta":{"om_disable_all_campaigns":false,"_jetpack_memberships_contains_paid_content":false,"footnotes":""},"categories":[5],"tags":[],"class_list":["post-35342","post","type-post","status-publish","format-standard","has-post-thumbnail","hentry","category-deportes"],"aioseo_notices":[],"gutentor_comment":0,"jetpack_featured_media_url":"https:\/\/eldiariodesanpedro.com.ar\/sitio\/wp-content\/uploads\/2018\/06\/para-tapa-e1529937524703.jpg","jetpack_shortlink":"https:\/\/wp.me\/p6RhLt-9c2","jetpack_sharing_enabled":true,"_links":{"self":[{"href":"https:\/\/eldiariodesanpedro.com.ar\/sitio\/wp-json\/wp\/v2\/posts\/35342","targetHints":{"allow":["GET"]}}],"collection":[{"href":"https:\/\/eldiariodesanpedro.com.ar\/sitio\/wp-json\/wp\/v2\/posts"}],"about":[{"href":"https:\/\/eldiariodesanpedro.com.ar\/sitio\/wp-json\/wp\/v2\/types\/post"}],"author":[{"embeddable":true,"href":"https:\/\/eldiariodesanpedro.com.ar\/sitio\/wp-json\/wp\/v2\/users\/4"}],"replies":[{"embeddable":true,"href":"https:\/\/eldiariodesanpedro.com.ar\/sitio\/wp-json\/wp\/v2\/comments?post=35342"}],"version-history":[{"count":4,"href":"https:\/\/eldiariodesanpedro.com.ar\/sitio\/wp-json\/wp\/v2\/posts\/35342\/revisions"}],"predecessor-version":[{"id":35351,"href":"https:\/\/eldiariodesanpedro.com.ar\/sitio\/wp-json\/wp\/v2\/posts\/35342\/revisions\/35351"}],"wp:featuredmedia":[{"embeddable":true,"href":"https:\/\/eldiariodesanpedro.com.ar\/sitio\/wp-json\/wp\/v2\/media\/35347"}],"wp:attachment":[{"href":"https:\/\/eldiariodesanpedro.com.ar\/sitio\/wp-json\/wp\/v2\/media?parent=35342"}],"wp:term":[{"taxonomy":"category","embeddable":true,"href":"https:\/\/eldiariodesanpedro.com.ar\/sitio\/wp-json\/wp\/v2\/categories?post=35342"},{"taxonomy":"post_tag","embeddable":true,"href":"https:\/\/eldiariodesanpedro.com.ar\/sitio\/wp-json\/wp\/v2\/tags?post=35342"}],"curies":[{"name":"wp","href":"https:\/\/api.w.org\/{rel}","templated":true}]}}