{"id":35336,"date":"2018-06-25T11:26:51","date_gmt":"2018-06-25T14:26:51","guid":{"rendered":"https:\/\/eldiariodesanpedro.com.ar\/sitio\/?p=35336"},"modified":"2018-06-25T11:26:51","modified_gmt":"2018-06-25T14:26:51","slug":"asi-comenzo-la-planificacion-de-san-pedro","status":"publish","type":"post","link":"https:\/\/eldiariodesanpedro.com.ar\/sitio\/asi-comenzo-la-planificacion-de-san-pedro\/","title":{"rendered":"As\u00ed comenz\u00f3 la planificaci\u00f3n de San Pedro"},"content":{"rendered":"<p><!-- VideographyWP Plugin Message: Automatic video embedding prevented by plugin options. --><br \/>\nEl an\u00e1lisis de antiguos textos escritos en los a\u00f1os fundacionales de la ciudad de San Pedro llev\u00f3 al Grupo Conservacionista de F\u00f3siles hasta el decreto con el que se aprob\u00f3 el primer plano del pueblo y en el que se ceden, por primera vez, los derechos sobre las tierras a los primeros pobladores con el objeto de impulsar la conformaci\u00f3n de la ciudad. <\/p>\n<p>  En el texto, fechado el 5 de febrero de 1802, se expresan los lineamientos a seguir para la distribuci\u00f3n de terrenos, la liberaci\u00f3n de las calles y la ubicaci\u00f3n de ciertos edificios y espacios p\u00fablicos.<br \/>\n  La tarea de interpretaci\u00f3n y transcripci\u00f3n de las cuatro p\u00e1ginas que incluyen el decreto principal y sus refrendas correspondientes fue realizada por Jos\u00e9 Luis Aguilar, del GCF, y en ellas se observa el inter\u00e9s de las autoridades de la \u00e9poca por comenzar con el ordenamiento territorial pensando en el futuro desarrollo de aquel peque\u00f1o poblado.<br \/>\n  Hoy podemos conocer y publicar el contenido de estos documentos gracias a la digitalizaci\u00f3n realizada oportunamente por el Grupo Conservacionista, antes que los originales desaparecieran de la torre del municipio a finales de 2015.<br \/>\n  Los interesados en obtener esta hist\u00f3rica cesi\u00f3n de derechos en formato digital podr\u00e1n hacerlo comunic\u00e1ndose al 03329-15537187. <\/p>\n<p>TRANSCRIPCI\u00d3N DEL TEXTO ORIGINAL:<\/p>\n<p>  Buenos Aires, cinco de febrero de mil ochocientos y dos-<br \/>\n  Con reserva de proveer a su tiempo lo que haya lugar sobre la merced que en propiedad solicita el suplicante por s\u00ed y a nombre de los individuos que representa, de los terrenos en que est\u00e1 situada la poblaci\u00f3n nombrada del Rinc\u00f3n de San Pedro, atendiendo a los adelantamientos que pueden resultar de que se establezca, con el debido arreglo, y a las dem\u00e1s justas causas que se exponen. Se les concede por ahora as\u00ed al dicho suplicante como a sus representados, y a todos los restantes vecinos que habitan en la expresada poblaci\u00f3n la posesi\u00f3n y tenencia de los mismos terrenos para que en tiempo alguno puedan ser despojados de ellos, y tengan a su virtud la correspondiente facultad de vender, donar, cambiar, y disponer de ese derecho que se les dispensa en los propios t\u00e9rminos que lo permiten las leyes respecto de los lugares se\u00f1alados para ejido a las ciudades y villas de los dominios de su Majestad, a cuyo efecto, y para que pueda servirles de suficiente t\u00edtulo la presente providencia se le dar\u00e1n al referido suplicante todos los testimonios que de ella pida con inserci\u00f3n de ese escrito. Y siendo de suma importancia que en los edificios que se construyan en la enunciada poblaci\u00f3n se guarde el orden correspondiente, de modo que en lo sucesivo pueda disponerse la fundaci\u00f3n de una formal villa con los requisitos dispuestos en las leyes del Reino, l\u00edbrese despacho cometido al Sargento Mayor del Partido para que con asistencia de aquel Alcalde de la Hermandad, y del Cura de la parroquia proceda a la delineaci\u00f3n del pueblo en los t\u00e9rminos m\u00e1s proporcionados a su actual constituci\u00f3n, se\u00f1alando el lugar aparente para la Iglesia Parroquial, y Plaza mayor arreglando las calles y cuadras en la conformidad que en lo sucesivo deban situarse los edificios seg\u00fan el incremento que haya tomado la poblaci\u00f3n, y disponiendo que ning\u00fan sujeto pueda construir casa alguna, sino en los sitios y solares que se designaren de suerte que queden libres, y desembarazadas las calles; de cuyas operaciones procurar\u00e1 hacer formar con persona inteligente un plano demostrativo de ellas, y hecho dar\u00e1 cuenta a esta superioridad para las dem\u00e1s providencias que convengan.<\/p>\n<p>R\u00fabrica de Su Excelencia_- Basabilvaso_-<br \/>\nOtra r\u00fabrica del Se\u00f1or Asesor General_-<\/p>\n<p>  En Buenos Aires a quince de febrero de mil ochocientos y dos notifique al Superior Decreto que antecede a Don Fernando Albandea; doy fe Basabilbaso. Concuerda este testimonio con los originales de su concepto, que se hallan en el expediente de la materia a que me remito. Y en cumplimiento de lo mandado en el superior Decreto de cinco del corriente, que va inserto, y para entregar a Don Fernando Albandea lo autorizo y firmo, en Buenos Aires, a diez y ocho de febrero de mil ochocientos y dos a\u00f1os<br \/>\nDon Ram\u00f3n de Basavilbaso.<\/p>\n<p>  Montevideo dos de Diciembre de mil ochocientos seis_- Autos y vistos: se aprueba en cuanto haya lugar el plano y delineaci\u00f3n del pueblo del Rinc\u00f3n de San Pedro verificada por el primer Piloto y graduado de Alf\u00e9rez de Fragata Don Jos\u00e9 de la Pe\u00f1a en observancia de lo mandado por esta superioridad en el despacho de diez y nueve de Febrero de mil ochocientos dos que original ha devuelto el Sargento Mayor comisionado con el Cura Vicario y Alcalde de la Hermanad de aquel Partido; en cuya consecuencia, y reserv\u00e1ndose para ocasi\u00f3n m\u00e1s oportuna, la erecci\u00f3n y establecimiento de villa que solicitan aquellos interesados, dir\u00edjaseles en respuesta testimonio de la Providencia de fojas tres, y se la preserve para que cuiden de su puntual cumplimiento, no permitiendo en manera alguna construcci\u00f3n de casas y edificios , sino con el orden y arreglo prevenido en dicha Providencia, a cuyo fin har\u00e1n sacar copia del mencionado plano, si no la tuvieren para que les sirva de instrucci\u00f3n, y conocimiento al tiempo de la formaci\u00f3n de edificios, que no podr\u00e1 tener efecto respecto de cualesquiera de aquellos vecinos, sin que primeramente se presente al Sargento mayor, y al Alcalde del Partido, quienes reconociendo el terreno practicar\u00e1n el se\u00f1alamiento de la l\u00ednea y direcci\u00f3n que deben guardar, a fin de que queden libres, y expeditas las calles, con calidad de que por esa operaci\u00f3n, no sean de exigir derechos algunos, para que al pretexto de semejante gravamen, no se retraigan los vecinos de concurrir por su parte al aumento de la poblaci\u00f3n.<br \/>\n  R\u00fabrica de su Excelencia_-Veles_-Hay otra r\u00fabrica del Se\u00f1or Asesor General_-Concuerda este testimonio con los originales de su contexto, que se hallan en el expediente de la materia, de que cer\u00edfico_-<br \/>\nBuenos Aires y Diciembre once de mil ochocientos y seis a\u00f1os_-<br \/>\nDon Jos\u00e9 Ram\u00f3n de Basavilbaso.<\/p>\n<p>  Est\u00e1n conformes a sus originales, que se guardan en este archivo del Convento del Rinc\u00f3n de San Pedro, que he tenido presentes, y a los cuales me remito.<br \/>\n17 de Febrero de 1823<\/p>\n<p>Fray Juan Noble Carrillo &#8211; Presidente<\/p>\n<div data-carousel-extra='{&quot;blog_id&quot;:1,&quot;permalink&quot;:&quot;https:\/\/eldiariodesanpedro.com.ar\/sitio\/asi-comenzo-la-planificacion-de-san-pedro\/&quot;}' id='gallery-1' class='gallery galleryid-35336 gallery-columns-3 gallery-size-large'><figure class='gallery-item'>\n\t\t\t<div class='gallery-icon portrait'>\n\t\t\t\t<a href='https:\/\/eldiariodesanpedro.com.ar\/sitio\/wp-content\/uploads\/2018\/06\/APROBAC-PRIMER-PLANO-URBANIZACION-1.jpg'><img decoding=\"async\" width=\"640\" height=\"922\" data-src=\"https:\/\/eldiariodesanpedro.com.ar\/sitio\/wp-content\/uploads\/2018\/06\/APROBAC-PRIMER-PLANO-URBANIZACION-1-711x1024.jpg\" class=\"attachment-large size-large lazyload\" alt=\"El Diario de San Pedro | Noticias locales y regionales\" data-srcset=\"https:\/\/eldiariodesanpedro.com.ar\/sitio\/wp-content\/uploads\/2018\/06\/APROBAC-PRIMER-PLANO-URBANIZACION-1-711x1024.jpg 711w, https:\/\/eldiariodesanpedro.com.ar\/sitio\/wp-content\/uploads\/2018\/06\/APROBAC-PRIMER-PLANO-URBANIZACION-1-208x300.jpg 208w, https:\/\/eldiariodesanpedro.com.ar\/sitio\/wp-content\/uploads\/2018\/06\/APROBAC-PRIMER-PLANO-URBANIZACION-1.jpg 731w\" data-sizes=\"(max-width: 640px) 100vw, 640px\" data-attachment-id=\"35337\" data-permalink=\"https:\/\/eldiariodesanpedro.com.ar\/sitio\/asi-comenzo-la-planificacion-de-san-pedro\/aprobac-primer-plano-urbanizacion-1\/\" data-orig-file=\"https:\/\/eldiariodesanpedro.com.ar\/sitio\/wp-content\/uploads\/2018\/06\/APROBAC-PRIMER-PLANO-URBANIZACION-1.jpg\" data-orig-size=\"731,1053\" data-comments-opened=\"1\" data-image-meta=\"{&quot;aperture&quot;:&quot;0&quot;,&quot;credit&quot;:&quot;&quot;,&quot;camera&quot;:&quot;&quot;,&quot;caption&quot;:&quot;&quot;,&quot;created_timestamp&quot;:&quot;0&quot;,&quot;copyright&quot;:&quot;&quot;,&quot;focal_length&quot;:&quot;0&quot;,&quot;iso&quot;:&quot;0&quot;,&quot;shutter_speed&quot;:&quot;0&quot;,&quot;title&quot;:&quot;&quot;,&quot;orientation&quot;:&quot;1&quot;}\" data-image-title=\"APROBAC PRIMER PLANO URBANIZACION-1\" data-image-description=\"\" data-image-caption=\"\" data-large-file=\"https:\/\/eldiariodesanpedro.com.ar\/sitio\/wp-content\/uploads\/2018\/06\/APROBAC-PRIMER-PLANO-URBANIZACION-1-711x1024.jpg\" src=\"data:image\/svg+xml;base64,PHN2ZyB3aWR0aD0iMSIgaGVpZ2h0PSIxIiB4bWxucz0iaHR0cDovL3d3dy53My5vcmcvMjAwMC9zdmciPjwvc3ZnPg==\" style=\"--smush-placeholder-width: 640px; --smush-placeholder-aspect-ratio: 640\/922;\" \/><\/a>\n\t\t\t<\/div><\/figure><figure class='gallery-item'>\n\t\t\t<div class='gallery-icon portrait'>\n\t\t\t\t<a href='https:\/\/eldiariodesanpedro.com.ar\/sitio\/wp-content\/uploads\/2018\/06\/APROBAC-PRIMER-PLANO-URBANIZACION-2.jpg'><img decoding=\"async\" width=\"640\" height=\"881\" data-src=\"https:\/\/eldiariodesanpedro.com.ar\/sitio\/wp-content\/uploads\/2018\/06\/APROBAC-PRIMER-PLANO-URBANIZACION-2-744x1024.jpg\" class=\"attachment-large size-large lazyload\" alt=\"El Diario de San Pedro | Noticias locales y regionales\" data-srcset=\"https:\/\/eldiariodesanpedro.com.ar\/sitio\/wp-content\/uploads\/2018\/06\/APROBAC-PRIMER-PLANO-URBANIZACION-2-744x1024.jpg 744w, https:\/\/eldiariodesanpedro.com.ar\/sitio\/wp-content\/uploads\/2018\/06\/APROBAC-PRIMER-PLANO-URBANIZACION-2-218x300.jpg 218w, https:\/\/eldiariodesanpedro.com.ar\/sitio\/wp-content\/uploads\/2018\/06\/APROBAC-PRIMER-PLANO-URBANIZACION-2.jpg 765w\" data-sizes=\"(max-width: 640px) 100vw, 640px\" data-attachment-id=\"35338\" data-permalink=\"https:\/\/eldiariodesanpedro.com.ar\/sitio\/asi-comenzo-la-planificacion-de-san-pedro\/aprobac-primer-plano-urbanizacion-2\/\" data-orig-file=\"https:\/\/eldiariodesanpedro.com.ar\/sitio\/wp-content\/uploads\/2018\/06\/APROBAC-PRIMER-PLANO-URBANIZACION-2.jpg\" data-orig-size=\"765,1053\" data-comments-opened=\"1\" data-image-meta=\"{&quot;aperture&quot;:&quot;0&quot;,&quot;credit&quot;:&quot;&quot;,&quot;camera&quot;:&quot;&quot;,&quot;caption&quot;:&quot;&quot;,&quot;created_timestamp&quot;:&quot;0&quot;,&quot;copyright&quot;:&quot;&quot;,&quot;focal_length&quot;:&quot;0&quot;,&quot;iso&quot;:&quot;0&quot;,&quot;shutter_speed&quot;:&quot;0&quot;,&quot;title&quot;:&quot;&quot;,&quot;orientation&quot;:&quot;0&quot;}\" data-image-title=\"APROBAC PRIMER PLANO URBANIZACION-2\" data-image-description=\"\" data-image-caption=\"\" data-large-file=\"https:\/\/eldiariodesanpedro.com.ar\/sitio\/wp-content\/uploads\/2018\/06\/APROBAC-PRIMER-PLANO-URBANIZACION-2-744x1024.jpg\" src=\"data:image\/svg+xml;base64,PHN2ZyB3aWR0aD0iMSIgaGVpZ2h0PSIxIiB4bWxucz0iaHR0cDovL3d3dy53My5vcmcvMjAwMC9zdmciPjwvc3ZnPg==\" style=\"--smush-placeholder-width: 640px; --smush-placeholder-aspect-ratio: 640\/881;\" \/><\/a>\n\t\t\t<\/div><\/figure><figure class='gallery-item'>\n\t\t\t<div class='gallery-icon portrait'>\n\t\t\t\t<a href='https:\/\/eldiariodesanpedro.com.ar\/sitio\/wp-content\/uploads\/2018\/06\/APROBAC-PRIMER-PLANO-URBANIZACION-3.jpg'><img decoding=\"async\" width=\"640\" height=\"881\" data-src=\"https:\/\/eldiariodesanpedro.com.ar\/sitio\/wp-content\/uploads\/2018\/06\/APROBAC-PRIMER-PLANO-URBANIZACION-3-744x1024.jpg\" class=\"attachment-large size-large lazyload\" alt=\"El Diario de San Pedro | Noticias locales y regionales\" data-srcset=\"https:\/\/eldiariodesanpedro.com.ar\/sitio\/wp-content\/uploads\/2018\/06\/APROBAC-PRIMER-PLANO-URBANIZACION-3-744x1024.jpg 744w, https:\/\/eldiariodesanpedro.com.ar\/sitio\/wp-content\/uploads\/2018\/06\/APROBAC-PRIMER-PLANO-URBANIZACION-3-218x300.jpg 218w, https:\/\/eldiariodesanpedro.com.ar\/sitio\/wp-content\/uploads\/2018\/06\/APROBAC-PRIMER-PLANO-URBANIZACION-3.jpg 765w\" data-sizes=\"(max-width: 640px) 100vw, 640px\" data-attachment-id=\"35339\" data-permalink=\"https:\/\/eldiariodesanpedro.com.ar\/sitio\/asi-comenzo-la-planificacion-de-san-pedro\/aprobac-primer-plano-urbanizacion-3\/\" data-orig-file=\"https:\/\/eldiariodesanpedro.com.ar\/sitio\/wp-content\/uploads\/2018\/06\/APROBAC-PRIMER-PLANO-URBANIZACION-3.jpg\" data-orig-size=\"765,1053\" data-comments-opened=\"1\" data-image-meta=\"{&quot;aperture&quot;:&quot;0&quot;,&quot;credit&quot;:&quot;&quot;,&quot;camera&quot;:&quot;&quot;,&quot;caption&quot;:&quot;&quot;,&quot;created_timestamp&quot;:&quot;0&quot;,&quot;copyright&quot;:&quot;&quot;,&quot;focal_length&quot;:&quot;0&quot;,&quot;iso&quot;:&quot;0&quot;,&quot;shutter_speed&quot;:&quot;0&quot;,&quot;title&quot;:&quot;&quot;,&quot;orientation&quot;:&quot;0&quot;}\" data-image-title=\"APROBAC PRIMER PLANO URBANIZACION-3\" data-image-description=\"\" data-image-caption=\"\" data-large-file=\"https:\/\/eldiariodesanpedro.com.ar\/sitio\/wp-content\/uploads\/2018\/06\/APROBAC-PRIMER-PLANO-URBANIZACION-3-744x1024.jpg\" src=\"data:image\/svg+xml;base64,PHN2ZyB3aWR0aD0iMSIgaGVpZ2h0PSIxIiB4bWxucz0iaHR0cDovL3d3dy53My5vcmcvMjAwMC9zdmciPjwvc3ZnPg==\" style=\"--smush-placeholder-width: 640px; --smush-placeholder-aspect-ratio: 640\/881;\" \/><\/a>\n\t\t\t<\/div><\/figure><figure class='gallery-item'>\n\t\t\t<div class='gallery-icon portrait'>\n\t\t\t\t<a href='https:\/\/eldiariodesanpedro.com.ar\/sitio\/wp-content\/uploads\/2018\/06\/APROBAC-PRIMER-PLANO-URBANIZACION-4.jpg'><img decoding=\"async\" width=\"640\" height=\"904\" data-src=\"https:\/\/eldiariodesanpedro.com.ar\/sitio\/wp-content\/uploads\/2018\/06\/APROBAC-PRIMER-PLANO-URBANIZACION-4-725x1024.jpg\" class=\"attachment-large size-large lazyload\" alt=\"El Diario de San Pedro | Noticias locales y regionales\" data-srcset=\"https:\/\/eldiariodesanpedro.com.ar\/sitio\/wp-content\/uploads\/2018\/06\/APROBAC-PRIMER-PLANO-URBANIZACION-4-725x1024.jpg 725w, https:\/\/eldiariodesanpedro.com.ar\/sitio\/wp-content\/uploads\/2018\/06\/APROBAC-PRIMER-PLANO-URBANIZACION-4-213x300.jpg 213w, https:\/\/eldiariodesanpedro.com.ar\/sitio\/wp-content\/uploads\/2018\/06\/APROBAC-PRIMER-PLANO-URBANIZACION-4.jpg 746w\" data-sizes=\"(max-width: 640px) 100vw, 640px\" data-attachment-id=\"35340\" data-permalink=\"https:\/\/eldiariodesanpedro.com.ar\/sitio\/asi-comenzo-la-planificacion-de-san-pedro\/aprobac-primer-plano-urbanizacion-4\/\" data-orig-file=\"https:\/\/eldiariodesanpedro.com.ar\/sitio\/wp-content\/uploads\/2018\/06\/APROBAC-PRIMER-PLANO-URBANIZACION-4.jpg\" data-orig-size=\"746,1053\" data-comments-opened=\"1\" data-image-meta=\"{&quot;aperture&quot;:&quot;0&quot;,&quot;credit&quot;:&quot;&quot;,&quot;camera&quot;:&quot;&quot;,&quot;caption&quot;:&quot;&quot;,&quot;created_timestamp&quot;:&quot;0&quot;,&quot;copyright&quot;:&quot;&quot;,&quot;focal_length&quot;:&quot;0&quot;,&quot;iso&quot;:&quot;0&quot;,&quot;shutter_speed&quot;:&quot;0&quot;,&quot;title&quot;:&quot;&quot;,&quot;orientation&quot;:&quot;0&quot;}\" data-image-title=\"APROBAC PRIMER PLANO URBANIZACION-4\" data-image-description=\"\" data-image-caption=\"\" data-large-file=\"https:\/\/eldiariodesanpedro.com.ar\/sitio\/wp-content\/uploads\/2018\/06\/APROBAC-PRIMER-PLANO-URBANIZACION-4-725x1024.jpg\" src=\"data:image\/svg+xml;base64,PHN2ZyB3aWR0aD0iMSIgaGVpZ2h0PSIxIiB4bWxucz0iaHR0cDovL3d3dy53My5vcmcvMjAwMC9zdmciPjwvc3ZnPg==\" style=\"--smush-placeholder-width: 640px; --smush-placeholder-aspect-ratio: 640\/904;\" \/><\/a>\n\t\t\t<\/div><\/figure>\n\t\t<\/div>\n\n","protected":false},"excerpt":{"rendered":"<p>El an\u00e1lisis de antiguos textos escritos en los a\u00f1os fundacionales de la ciudad de San Pedro llev\u00f3 al Grupo Conservacionista de F\u00f3siles hasta el decreto con el que se aprob\u00f3 el primer plano del pueblo y en el que se ceden, por primera vez, los derechos sobre las tierras a los primeros pobladores con el [&hellip;]<\/p>\n","protected":false},"author":4,"featured_media":35337,"comment_status":"open","ping_status":"closed","sticky":false,"template":"","format":"standard","meta":{"om_disable_all_campaigns":false,"_jetpack_memberships_contains_paid_content":false,"footnotes":""},"categories":[101,2],"tags":[],"class_list":["post-35336","post","type-post","status-publish","format-standard","has-post-thumbnail","hentry","category-interes-general-locales","category-locales"],"aioseo_notices":[],"gutentor_comment":0,"jetpack_featured_media_url":"https:\/\/eldiariodesanpedro.com.ar\/sitio\/wp-content\/uploads\/2018\/06\/APROBAC-PRIMER-PLANO-URBANIZACION-1.jpg","jetpack_shortlink":"https:\/\/wp.me\/p6RhLt-9bW","jetpack_sharing_enabled":true,"_links":{"self":[{"href":"https:\/\/eldiariodesanpedro.com.ar\/sitio\/wp-json\/wp\/v2\/posts\/35336","targetHints":{"allow":["GET"]}}],"collection":[{"href":"https:\/\/eldiariodesanpedro.com.ar\/sitio\/wp-json\/wp\/v2\/posts"}],"about":[{"href":"https:\/\/eldiariodesanpedro.com.ar\/sitio\/wp-json\/wp\/v2\/types\/post"}],"author":[{"embeddable":true,"href":"https:\/\/eldiariodesanpedro.com.ar\/sitio\/wp-json\/wp\/v2\/users\/4"}],"replies":[{"embeddable":true,"href":"https:\/\/eldiariodesanpedro.com.ar\/sitio\/wp-json\/wp\/v2\/comments?post=35336"}],"version-history":[{"count":1,"href":"https:\/\/eldiariodesanpedro.com.ar\/sitio\/wp-json\/wp\/v2\/posts\/35336\/revisions"}],"predecessor-version":[{"id":35341,"href":"https:\/\/eldiariodesanpedro.com.ar\/sitio\/wp-json\/wp\/v2\/posts\/35336\/revisions\/35341"}],"wp:featuredmedia":[{"embeddable":true,"href":"https:\/\/eldiariodesanpedro.com.ar\/sitio\/wp-json\/wp\/v2\/media\/35337"}],"wp:attachment":[{"href":"https:\/\/eldiariodesanpedro.com.ar\/sitio\/wp-json\/wp\/v2\/media?parent=35336"}],"wp:term":[{"taxonomy":"category","embeddable":true,"href":"https:\/\/eldiariodesanpedro.com.ar\/sitio\/wp-json\/wp\/v2\/categories?post=35336"},{"taxonomy":"post_tag","embeddable":true,"href":"https:\/\/eldiariodesanpedro.com.ar\/sitio\/wp-json\/wp\/v2\/tags?post=35336"}],"curies":[{"name":"wp","href":"https:\/\/api.w.org\/{rel}","templated":true}]}}