{"id":35332,"date":"2018-06-25T11:22:52","date_gmt":"2018-06-25T14:22:52","guid":{"rendered":"https:\/\/eldiariodesanpedro.com.ar\/sitio\/?p=35332"},"modified":"2018-06-25T11:22:52","modified_gmt":"2018-06-25T14:22:52","slug":"charla-abierta-para-emprendedores-en-el-centro-de-comercio","status":"publish","type":"post","link":"https:\/\/eldiariodesanpedro.com.ar\/sitio\/charla-abierta-para-emprendedores-en-el-centro-de-comercio\/","title":{"rendered":"Charla abierta para emprendedores en el Centro de Comercio"},"content":{"rendered":"<p><!-- VideographyWP Plugin Message: Automatic video embedding prevented by plugin options. --><br \/>\nEl coach y facilitador corporativo Fede Fern\u00e1ndez Olivero brindar\u00e1 el 7 de julio un taller destinado a brindar herramientas que ayuden a los participantes a salir de su zona de confort para animarse a lo nuevo.<\/p>\n<p>Con el t\u00edtulo \u201cEl legado de Walt: ense\u00f1anzas de un rat\u00f3n\u201d, el programa se orienta a profesionales y emprendedores que quieren  proporcionar inspiraci\u00f3n y facilitar el cambio positivo as\u00ed como el crecimiento a aquellos que quieren dejar de conformarse por menos y alcanzar su potencial m\u00e1ximo en todas las grandes aventuras de la vida. El programa \u00fanico e innovador toma como caso de an\u00e1lisis para la reflexi\u00f3n la vida y obra de Walt Disney.<\/p>\n<p>\u201cCreo que el camino para el desarrollo personal, el \u00e9xito y la abundancia, tiene como piedra fundacional el auto liderazgo\u201d, explica Fern\u00e1ndez Olivero, quien posee un sitio web donde comparte sus historias y experiencias que considera a veces reveladoras y motivadoras, as\u00ed como algunas de las claves y herramientas que descubri\u00f3 a trav\u00e9s de los a\u00f1os y con los programas que desarrolla.<\/p>\n<p>Como souvenir del encuentro, los participantes se podr\u00e1n llevar ejercicios que les servir\u00e1n para continuar reflexionando sobre su vida diaria. \u201cLa \u00fanica forma de aprender cosas nuevas es haciendo cosas nuevas, pensando diferente\u201d, explica, y por eso el encuentro busca desafiar por medio de interrogantes clave y disparadores de debate, mover a los participantes de su zona de confort y generar un espacio de compromiso.<\/p>\n<p>El encuentro ser\u00e1 el  7 de julio y durar\u00e1 4 horas desde las 13.30, con cupos limitados y un valor de $500 (para socios hay un 25% de descuento). Los interesados deber\u00e1n contactarse al 3329-571827.<\/p>\n<p>Detalles<br \/>\nFecha y hora: 07\/07\/2018, 13.30 hs<br \/>\nLugar: Centro de Comercio, Industria y Turismo de San Pedro. Mitre 650, San Pedro, Buenos Aires<br \/>\nConfirmar asistencia a +54 3329 571827<\/p>\n","protected":false},"excerpt":{"rendered":"<p>El coach y facilitador corporativo Fede Fern\u00e1ndez Olivero brindar\u00e1 el 7 de julio un taller destinado a brindar herramientas que ayuden a los participantes a salir de su zona de confort para animarse a lo nuevo. Con el t\u00edtulo \u201cEl legado de Walt: ense\u00f1anzas de un rat\u00f3n\u201d, el programa se orienta a profesionales y emprendedores [&hellip;]<\/p>\n","protected":false},"author":4,"featured_media":35334,"comment_status":"open","ping_status":"closed","sticky":false,"template":"","format":"standard","meta":{"om_disable_all_campaigns":false,"_jetpack_memberships_contains_paid_content":false,"footnotes":""},"categories":[101,2],"tags":[],"class_list":["post-35332","post","type-post","status-publish","format-standard","has-post-thumbnail","hentry","category-interes-general-locales","category-locales"],"aioseo_notices":[],"gutentor_comment":0,"jetpack_featured_media_url":"https:\/\/eldiariodesanpedro.com.ar\/sitio\/wp-content\/uploads\/2018\/06\/unnamed-6.jpg","jetpack_shortlink":"https:\/\/wp.me\/p6RhLt-9bS","jetpack_sharing_enabled":true,"_links":{"self":[{"href":"https:\/\/eldiariodesanpedro.com.ar\/sitio\/wp-json\/wp\/v2\/posts\/35332","targetHints":{"allow":["GET"]}}],"collection":[{"href":"https:\/\/eldiariodesanpedro.com.ar\/sitio\/wp-json\/wp\/v2\/posts"}],"about":[{"href":"https:\/\/eldiariodesanpedro.com.ar\/sitio\/wp-json\/wp\/v2\/types\/post"}],"author":[{"embeddable":true,"href":"https:\/\/eldiariodesanpedro.com.ar\/sitio\/wp-json\/wp\/v2\/users\/4"}],"replies":[{"embeddable":true,"href":"https:\/\/eldiariodesanpedro.com.ar\/sitio\/wp-json\/wp\/v2\/comments?post=35332"}],"version-history":[{"count":1,"href":"https:\/\/eldiariodesanpedro.com.ar\/sitio\/wp-json\/wp\/v2\/posts\/35332\/revisions"}],"predecessor-version":[{"id":35335,"href":"https:\/\/eldiariodesanpedro.com.ar\/sitio\/wp-json\/wp\/v2\/posts\/35332\/revisions\/35335"}],"wp:featuredmedia":[{"embeddable":true,"href":"https:\/\/eldiariodesanpedro.com.ar\/sitio\/wp-json\/wp\/v2\/media\/35334"}],"wp:attachment":[{"href":"https:\/\/eldiariodesanpedro.com.ar\/sitio\/wp-json\/wp\/v2\/media?parent=35332"}],"wp:term":[{"taxonomy":"category","embeddable":true,"href":"https:\/\/eldiariodesanpedro.com.ar\/sitio\/wp-json\/wp\/v2\/categories?post=35332"},{"taxonomy":"post_tag","embeddable":true,"href":"https:\/\/eldiariodesanpedro.com.ar\/sitio\/wp-json\/wp\/v2\/tags?post=35332"}],"curies":[{"name":"wp","href":"https:\/\/api.w.org\/{rel}","templated":true}]}}