{"id":35319,"date":"2018-06-25T10:53:54","date_gmt":"2018-06-25T13:53:54","guid":{"rendered":"https:\/\/eldiariodesanpedro.com.ar\/sitio\/?p=35319"},"modified":"2018-06-25T10:53:54","modified_gmt":"2018-06-25T13:53:54","slug":"le-robaron-sus-herramientas-y-las-encontro-en-facebook","status":"publish","type":"post","link":"https:\/\/eldiariodesanpedro.com.ar\/sitio\/le-robaron-sus-herramientas-y-las-encontro-en-facebook\/","title":{"rendered":"Le robaron sus herramientas y las encontr\u00f3 en Facebook"},"content":{"rendered":"<p><!-- VideographyWP Plugin Message: Automatic video embedding prevented by plugin options. --><br \/>\nSe conoci\u00f3 la denuncia de un ciudadano mayor, que se encontraba trabajando en su domicilio, sito en calle Ituzaing\u00f3 al 2500, que siendo las 10 horas aproximadamente del d\u00eda domingo, constata que le sustraen sus herramientas que ten\u00eda guardada en el interior de su camioneta que estaba estacionada en la v\u00eda p\u00fablica.<\/p>\n<p>El mismo d\u00eda, horas m\u00e1s tarde, la victima da aviso a la polic\u00eda que una mujer se encontraba ofertando sus herramientas robadas  en las  redes sociales.<\/p>\n<p>Personal policial recepcion\u00f3   la denuncia y lleg\u00f3 al domicilio de la mujer denunciada, a quien se le secuestraron las herramientas en cuesti\u00f3n.<\/p>\n<p>La mujer fue trasladada a la Comisar\u00eda y se dio intervenci\u00f3n a la Fiscal\u00eda, quien inici\u00f3 actuaciones bajo la car\u00e1tula \u00abEncubrimiento\u00bb.<\/p>\n","protected":false},"excerpt":{"rendered":"<p>Se conoci\u00f3 la denuncia de un ciudadano mayor, que se encontraba trabajando en su domicilio, sito en calle Ituzaing\u00f3 al 2500, que siendo las 10 horas aproximadamente del d\u00eda domingo, constata que le sustraen sus herramientas que ten\u00eda guardada en el interior de su camioneta que estaba estacionada en la v\u00eda p\u00fablica. El mismo d\u00eda, [&hellip;]<\/p>\n","protected":false},"author":4,"featured_media":16982,"comment_status":"open","ping_status":"closed","sticky":false,"template":"","format":"standard","meta":{"om_disable_all_campaigns":false,"_jetpack_memberships_contains_paid_content":false,"footnotes":""},"categories":[2,103],"tags":[],"class_list":["post-35319","post","type-post","status-publish","format-standard","has-post-thumbnail","hentry","category-locales","category-policiales-locales"],"aioseo_notices":[],"gutentor_comment":0,"jetpack_featured_media_url":"https:\/\/eldiariodesanpedro.com.ar\/sitio\/wp-content\/uploads\/2017\/04\/DSC_0215-e1492514874414.jpg","jetpack_shortlink":"https:\/\/wp.me\/p6RhLt-9bF","jetpack_sharing_enabled":true,"_links":{"self":[{"href":"https:\/\/eldiariodesanpedro.com.ar\/sitio\/wp-json\/wp\/v2\/posts\/35319","targetHints":{"allow":["GET"]}}],"collection":[{"href":"https:\/\/eldiariodesanpedro.com.ar\/sitio\/wp-json\/wp\/v2\/posts"}],"about":[{"href":"https:\/\/eldiariodesanpedro.com.ar\/sitio\/wp-json\/wp\/v2\/types\/post"}],"author":[{"embeddable":true,"href":"https:\/\/eldiariodesanpedro.com.ar\/sitio\/wp-json\/wp\/v2\/users\/4"}],"replies":[{"embeddable":true,"href":"https:\/\/eldiariodesanpedro.com.ar\/sitio\/wp-json\/wp\/v2\/comments?post=35319"}],"version-history":[{"count":1,"href":"https:\/\/eldiariodesanpedro.com.ar\/sitio\/wp-json\/wp\/v2\/posts\/35319\/revisions"}],"predecessor-version":[{"id":35320,"href":"https:\/\/eldiariodesanpedro.com.ar\/sitio\/wp-json\/wp\/v2\/posts\/35319\/revisions\/35320"}],"wp:featuredmedia":[{"embeddable":true,"href":"https:\/\/eldiariodesanpedro.com.ar\/sitio\/wp-json\/wp\/v2\/media\/16982"}],"wp:attachment":[{"href":"https:\/\/eldiariodesanpedro.com.ar\/sitio\/wp-json\/wp\/v2\/media?parent=35319"}],"wp:term":[{"taxonomy":"category","embeddable":true,"href":"https:\/\/eldiariodesanpedro.com.ar\/sitio\/wp-json\/wp\/v2\/categories?post=35319"},{"taxonomy":"post_tag","embeddable":true,"href":"https:\/\/eldiariodesanpedro.com.ar\/sitio\/wp-json\/wp\/v2\/tags?post=35319"}],"curies":[{"name":"wp","href":"https:\/\/api.w.org\/{rel}","templated":true}]}}