{"id":35317,"date":"2018-06-25T10:35:13","date_gmt":"2018-06-25T13:35:13","guid":{"rendered":"https:\/\/eldiariodesanpedro.com.ar\/sitio\/?p=35317"},"modified":"2018-06-25T10:35:13","modified_gmt":"2018-06-25T13:35:13","slug":"dos-delincuentes-lo-amenazaron-y-le-robaron-su-motocicleta","status":"publish","type":"post","link":"https:\/\/eldiariodesanpedro.com.ar\/sitio\/dos-delincuentes-lo-amenazaron-y-le-robaron-su-motocicleta\/","title":{"rendered":"Dos delincuentes lo amenazaron y le robaron su motocicleta"},"content":{"rendered":"<p><!-- VideographyWP Plugin Message: Automatic video embedding prevented by plugin options. --><br \/>\nEl hecho ocurri\u00f3 este domingo, siendo las 23:30hs, cuando un joven que se encontraba dialogando con un amigo, en la vereda de su  casa, domiciliado en Saavedra al 880; es abordado por dos delincuentes que se movilizaban a pie y mediante intimidaci\u00f3n verbal le sustraen su motocicleta marca Honda CBX 250.<\/p>\n<p>Los malvivientes se dieron a la fuga r\u00e1pidamente sin ejercer violencia; La victima radico su denuncia en la Dependencia local y tomo intervenci\u00f3n la fiscal\u00eda de turno. <\/p>\n","protected":false},"excerpt":{"rendered":"<p>El hecho ocurri\u00f3 este domingo, siendo las 23:30hs, cuando un joven que se encontraba dialogando con un amigo, en la vereda de su casa, domiciliado en Saavedra al 880; es abordado por dos delincuentes que se movilizaban a pie y mediante intimidaci\u00f3n verbal le sustraen su motocicleta marca Honda CBX 250. Los malvivientes se dieron [&hellip;]<\/p>\n","protected":false},"author":4,"featured_media":34493,"comment_status":"open","ping_status":"closed","sticky":false,"template":"","format":"standard","meta":{"om_disable_all_campaigns":false,"_jetpack_memberships_contains_paid_content":false,"footnotes":""},"categories":[2,103],"tags":[],"class_list":["post-35317","post","type-post","status-publish","format-standard","has-post-thumbnail","hentry","category-locales","category-policiales-locales"],"aioseo_notices":[],"gutentor_comment":0,"jetpack_featured_media_url":"https:\/\/eldiariodesanpedro.com.ar\/sitio\/wp-content\/uploads\/2018\/06\/poli.jpg","jetpack_shortlink":"https:\/\/wp.me\/p6RhLt-9bD","jetpack_sharing_enabled":true,"_links":{"self":[{"href":"https:\/\/eldiariodesanpedro.com.ar\/sitio\/wp-json\/wp\/v2\/posts\/35317","targetHints":{"allow":["GET"]}}],"collection":[{"href":"https:\/\/eldiariodesanpedro.com.ar\/sitio\/wp-json\/wp\/v2\/posts"}],"about":[{"href":"https:\/\/eldiariodesanpedro.com.ar\/sitio\/wp-json\/wp\/v2\/types\/post"}],"author":[{"embeddable":true,"href":"https:\/\/eldiariodesanpedro.com.ar\/sitio\/wp-json\/wp\/v2\/users\/4"}],"replies":[{"embeddable":true,"href":"https:\/\/eldiariodesanpedro.com.ar\/sitio\/wp-json\/wp\/v2\/comments?post=35317"}],"version-history":[{"count":1,"href":"https:\/\/eldiariodesanpedro.com.ar\/sitio\/wp-json\/wp\/v2\/posts\/35317\/revisions"}],"predecessor-version":[{"id":35318,"href":"https:\/\/eldiariodesanpedro.com.ar\/sitio\/wp-json\/wp\/v2\/posts\/35317\/revisions\/35318"}],"wp:featuredmedia":[{"embeddable":true,"href":"https:\/\/eldiariodesanpedro.com.ar\/sitio\/wp-json\/wp\/v2\/media\/34493"}],"wp:attachment":[{"href":"https:\/\/eldiariodesanpedro.com.ar\/sitio\/wp-json\/wp\/v2\/media?parent=35317"}],"wp:term":[{"taxonomy":"category","embeddable":true,"href":"https:\/\/eldiariodesanpedro.com.ar\/sitio\/wp-json\/wp\/v2\/categories?post=35317"},{"taxonomy":"post_tag","embeddable":true,"href":"https:\/\/eldiariodesanpedro.com.ar\/sitio\/wp-json\/wp\/v2\/tags?post=35317"}],"curies":[{"name":"wp","href":"https:\/\/api.w.org\/{rel}","templated":true}]}}