{"id":35309,"date":"2018-06-25T09:58:17","date_gmt":"2018-06-25T12:58:17","guid":{"rendered":"https:\/\/eldiariodesanpedro.com.ar\/sitio\/?p=35309"},"modified":"2018-06-25T09:58:17","modified_gmt":"2018-06-25T12:58:17","slug":"le-robaron-su-motocicleta","status":"publish","type":"post","link":"https:\/\/eldiariodesanpedro.com.ar\/sitio\/le-robaron-su-motocicleta\/","title":{"rendered":"Le robaron su motocicleta"},"content":{"rendered":"<p><!-- VideographyWP Plugin Message: Automatic video embedding prevented by plugin options. --><br \/>\nEn la noche del domingo, siendo las 21hs, una ciudadana estaciona su motocicleta, marca Guerrero 110cc, en calle D\u00e1vila y Las Provincias, cuando constata que delincuentes se dan a la fuga con el rodado.<\/p>\n<p>Se radic\u00f3 la denuncia correspondiente y se dio intervenci\u00f3n a la fiscal\u00eda de turno.<\/p>\n","protected":false},"excerpt":{"rendered":"<p>En la noche del domingo, siendo las 21hs, una ciudadana estaciona su motocicleta, marca Guerrero 110cc, en calle D\u00e1vila y Las Provincias, cuando constata que delincuentes se dan a la fuga con el rodado. Se radic\u00f3 la denuncia correspondiente y se dio intervenci\u00f3n a la fiscal\u00eda de turno.<\/p>\n","protected":false},"author":4,"featured_media":35158,"comment_status":"open","ping_status":"closed","sticky":false,"template":"","format":"standard","meta":{"om_disable_all_campaigns":false,"_jetpack_memberships_contains_paid_content":false,"footnotes":""},"categories":[2,103],"tags":[],"class_list":["post-35309","post","type-post","status-publish","format-standard","has-post-thumbnail","hentry","category-locales","category-policiales-locales"],"aioseo_notices":[],"gutentor_comment":0,"jetpack_featured_media_url":"https:\/\/eldiariodesanpedro.com.ar\/sitio\/wp-content\/uploads\/2018\/06\/vi.jpeg","jetpack_shortlink":"https:\/\/wp.me\/p6RhLt-9bv","jetpack_sharing_enabled":true,"_links":{"self":[{"href":"https:\/\/eldiariodesanpedro.com.ar\/sitio\/wp-json\/wp\/v2\/posts\/35309","targetHints":{"allow":["GET"]}}],"collection":[{"href":"https:\/\/eldiariodesanpedro.com.ar\/sitio\/wp-json\/wp\/v2\/posts"}],"about":[{"href":"https:\/\/eldiariodesanpedro.com.ar\/sitio\/wp-json\/wp\/v2\/types\/post"}],"author":[{"embeddable":true,"href":"https:\/\/eldiariodesanpedro.com.ar\/sitio\/wp-json\/wp\/v2\/users\/4"}],"replies":[{"embeddable":true,"href":"https:\/\/eldiariodesanpedro.com.ar\/sitio\/wp-json\/wp\/v2\/comments?post=35309"}],"version-history":[{"count":1,"href":"https:\/\/eldiariodesanpedro.com.ar\/sitio\/wp-json\/wp\/v2\/posts\/35309\/revisions"}],"predecessor-version":[{"id":35310,"href":"https:\/\/eldiariodesanpedro.com.ar\/sitio\/wp-json\/wp\/v2\/posts\/35309\/revisions\/35310"}],"wp:featuredmedia":[{"embeddable":true,"href":"https:\/\/eldiariodesanpedro.com.ar\/sitio\/wp-json\/wp\/v2\/media\/35158"}],"wp:attachment":[{"href":"https:\/\/eldiariodesanpedro.com.ar\/sitio\/wp-json\/wp\/v2\/media?parent=35309"}],"wp:term":[{"taxonomy":"category","embeddable":true,"href":"https:\/\/eldiariodesanpedro.com.ar\/sitio\/wp-json\/wp\/v2\/categories?post=35309"},{"taxonomy":"post_tag","embeddable":true,"href":"https:\/\/eldiariodesanpedro.com.ar\/sitio\/wp-json\/wp\/v2\/tags?post=35309"}],"curies":[{"name":"wp","href":"https:\/\/api.w.org\/{rel}","templated":true}]}}