{"id":35300,"date":"2018-06-25T09:17:02","date_gmt":"2018-06-25T12:17:02","guid":{"rendered":"https:\/\/eldiariodesanpedro.com.ar\/sitio\/?p=35300"},"modified":"2018-06-25T09:17:02","modified_gmt":"2018-06-25T12:17:02","slug":"a-pesar-del-frio-se-realizo-con-exito-la-fiesta-de-san-juan-el-fin-de-semana","status":"publish","type":"post","link":"https:\/\/eldiariodesanpedro.com.ar\/sitio\/a-pesar-del-frio-se-realizo-con-exito-la-fiesta-de-san-juan-el-fin-de-semana\/","title":{"rendered":"A pesar del fr\u00edo, se realiz\u00f3 con \u00e9xito la Fiesta de San Juan el fin de semana"},"content":{"rendered":"<p><!-- VideographyWP Plugin Message: Automatic video embedding prevented by plugin options. --><br \/>\nEste fin de semana, en la sede de la Agrupaci\u00f3n Mallorca, se realizo con exito la Fiesta de San Juan, que finaliz\u00f3 con la tradicional Quema del Demonio.<\/p>\n<p>El evento dio comienzo el d\u00eda sabado, con talleres de literatura para ni\u00f1os y adultos, los bailes t\u00edpicos de la Agrupaci\u00f3n Mallorca, tambi\u00e9n estaba la feria artesanal y una cantina con comidas t\u00edpicas como la coca y las empanadas Mallorquinas, adem\u00e1s de hamburguesas y bebidas; la gente pod\u00eda acercarse y participar de la Fiesta a partir de las 11 de la ma\u00f1ana.<\/p>\n<p>El domingo, a pesar del fr\u00edo, el evento cont\u00f3 con actividades desde la ma\u00f1ana, incluyendo un paseo con puestos de emprendedores en una de las terrazas.<\/p>\n<p>Desde las 14:00 hs hubo n\u00fameros musicales donde participaron los artistas sampedrinos \u00bb Braian Vazquez, Rocio Guilmen, Valentina Burgue\u00f1o y Joselito Fermani\u00bb ademas de los bailes t\u00edpicos que se desarrollaron en el interior del sal\u00f3n de la Agrupaci\u00f3n Mallorca.<\/p>\n<p>Luego, finalizo la \u00abFiesta con La Quema del Demonio\u00bb; con la conducci\u00f3n de Kukato Garc\u00eda.<\/p>\n<p>El mu\u00f1eco representativo fue quemado alrededor de las 18.30, junto a los creados por entidades y ni\u00f1os, cumpliendo con la tradici\u00f3n de esta fecha.<\/p>\n<p><img decoding=\"async\" data-attachment-id=\"35302\" data-permalink=\"https:\/\/eldiariodesanpedro.com.ar\/sitio\/a-pesar-del-frio-se-realizo-con-exito-la-fiesta-de-san-juan-el-fin-de-semana\/fiesta-del-demonio\/\" data-orig-file=\"https:\/\/eldiariodesanpedro.com.ar\/sitio\/wp-content\/uploads\/2018\/06\/fiesta-del-demonio.jpg\" data-orig-size=\"960,720\" data-comments-opened=\"1\" data-image-meta=\"{&quot;aperture&quot;:&quot;0&quot;,&quot;credit&quot;:&quot;&quot;,&quot;camera&quot;:&quot;&quot;,&quot;caption&quot;:&quot;&quot;,&quot;created_timestamp&quot;:&quot;0&quot;,&quot;copyright&quot;:&quot;&quot;,&quot;focal_length&quot;:&quot;0&quot;,&quot;iso&quot;:&quot;0&quot;,&quot;shutter_speed&quot;:&quot;0&quot;,&quot;title&quot;:&quot;&quot;,&quot;orientation&quot;:&quot;0&quot;}\" data-image-title=\"fiesta del demonio\" data-image-description=\"\" data-image-caption=\"\" data-large-file=\"https:\/\/eldiariodesanpedro.com.ar\/sitio\/wp-content\/uploads\/2018\/06\/fiesta-del-demonio.jpg\" class=\"alignnone size-large wp-image-35302 lazyload\" data-src=\"https:\/\/eldiariodesanpedro.com.ar\/sitio\/wp-content\/uploads\/2018\/06\/fiesta-del-demonio.jpg\" alt=\"\" width=\"660\" height=\"495\" data-srcset=\"https:\/\/eldiariodesanpedro.com.ar\/sitio\/wp-content\/uploads\/2018\/06\/fiesta-del-demonio.jpg 960w, https:\/\/eldiariodesanpedro.com.ar\/sitio\/wp-content\/uploads\/2018\/06\/fiesta-del-demonio-300x225.jpg 300w, https:\/\/eldiariodesanpedro.com.ar\/sitio\/wp-content\/uploads\/2018\/06\/fiesta-del-demonio-768x576.jpg 768w\" data-sizes=\"(max-width: 660px) 100vw, 660px\" src=\"data:image\/svg+xml;base64,PHN2ZyB3aWR0aD0iMSIgaGVpZ2h0PSIxIiB4bWxucz0iaHR0cDovL3d3dy53My5vcmcvMjAwMC9zdmciPjwvc3ZnPg==\" style=\"--smush-placeholder-width: 660px; --smush-placeholder-aspect-ratio: 660\/495;\" \/><\/p>\n<p><img decoding=\"async\" data-attachment-id=\"35303\" data-permalink=\"https:\/\/eldiariodesanpedro.com.ar\/sitio\/a-pesar-del-frio-se-realizo-con-exito-la-fiesta-de-san-juan-el-fin-de-semana\/fiesta-del-demonio-jpg1\/\" data-orig-file=\"https:\/\/eldiariodesanpedro.com.ar\/sitio\/wp-content\/uploads\/2018\/06\/fiesta-del-demonio.jpg1_.jpg\" data-orig-size=\"960,720\" data-comments-opened=\"1\" data-image-meta=\"{&quot;aperture&quot;:&quot;0&quot;,&quot;credit&quot;:&quot;&quot;,&quot;camera&quot;:&quot;&quot;,&quot;caption&quot;:&quot;&quot;,&quot;created_timestamp&quot;:&quot;0&quot;,&quot;copyright&quot;:&quot;&quot;,&quot;focal_length&quot;:&quot;0&quot;,&quot;iso&quot;:&quot;0&quot;,&quot;shutter_speed&quot;:&quot;0&quot;,&quot;title&quot;:&quot;&quot;,&quot;orientation&quot;:&quot;0&quot;}\" data-image-title=\"fiesta del demonio.jpg1\" data-image-description=\"\" data-image-caption=\"\" data-large-file=\"https:\/\/eldiariodesanpedro.com.ar\/sitio\/wp-content\/uploads\/2018\/06\/fiesta-del-demonio.jpg1_.jpg\" class=\"alignnone size-large wp-image-35303 lazyload\" data-src=\"https:\/\/eldiariodesanpedro.com.ar\/sitio\/wp-content\/uploads\/2018\/06\/fiesta-del-demonio.jpg1_.jpg\" alt=\"\" width=\"660\" height=\"495\" data-srcset=\"https:\/\/eldiariodesanpedro.com.ar\/sitio\/wp-content\/uploads\/2018\/06\/fiesta-del-demonio.jpg1_.jpg 960w, https:\/\/eldiariodesanpedro.com.ar\/sitio\/wp-content\/uploads\/2018\/06\/fiesta-del-demonio.jpg1_-300x225.jpg 300w, https:\/\/eldiariodesanpedro.com.ar\/sitio\/wp-content\/uploads\/2018\/06\/fiesta-del-demonio.jpg1_-768x576.jpg 768w\" data-sizes=\"(max-width: 660px) 100vw, 660px\" src=\"data:image\/svg+xml;base64,PHN2ZyB3aWR0aD0iMSIgaGVpZ2h0PSIxIiB4bWxucz0iaHR0cDovL3d3dy53My5vcmcvMjAwMC9zdmciPjwvc3ZnPg==\" style=\"--smush-placeholder-width: 660px; --smush-placeholder-aspect-ratio: 660\/495;\" \/><\/p>\n<p><img decoding=\"async\" data-attachment-id=\"35304\" data-permalink=\"https:\/\/eldiariodesanpedro.com.ar\/sitio\/a-pesar-del-frio-se-realizo-con-exito-la-fiesta-de-san-juan-el-fin-de-semana\/fiesta-del-demonio-jpg2\/\" data-orig-file=\"https:\/\/eldiariodesanpedro.com.ar\/sitio\/wp-content\/uploads\/2018\/06\/fiesta-del-demonio.jpg2_.jpg\" data-orig-size=\"960,720\" data-comments-opened=\"1\" data-image-meta=\"{&quot;aperture&quot;:&quot;0&quot;,&quot;credit&quot;:&quot;&quot;,&quot;camera&quot;:&quot;&quot;,&quot;caption&quot;:&quot;&quot;,&quot;created_timestamp&quot;:&quot;0&quot;,&quot;copyright&quot;:&quot;&quot;,&quot;focal_length&quot;:&quot;0&quot;,&quot;iso&quot;:&quot;0&quot;,&quot;shutter_speed&quot;:&quot;0&quot;,&quot;title&quot;:&quot;&quot;,&quot;orientation&quot;:&quot;0&quot;}\" data-image-title=\"fiesta del demonio.jpg2\" data-image-description=\"\" data-image-caption=\"\" data-large-file=\"https:\/\/eldiariodesanpedro.com.ar\/sitio\/wp-content\/uploads\/2018\/06\/fiesta-del-demonio.jpg2_.jpg\" class=\"alignnone size-large wp-image-35304 lazyload\" data-src=\"https:\/\/eldiariodesanpedro.com.ar\/sitio\/wp-content\/uploads\/2018\/06\/fiesta-del-demonio.jpg2_.jpg\" alt=\"\" width=\"660\" height=\"495\" data-srcset=\"https:\/\/eldiariodesanpedro.com.ar\/sitio\/wp-content\/uploads\/2018\/06\/fiesta-del-demonio.jpg2_.jpg 960w, https:\/\/eldiariodesanpedro.com.ar\/sitio\/wp-content\/uploads\/2018\/06\/fiesta-del-demonio.jpg2_-300x225.jpg 300w, https:\/\/eldiariodesanpedro.com.ar\/sitio\/wp-content\/uploads\/2018\/06\/fiesta-del-demonio.jpg2_-768x576.jpg 768w\" data-sizes=\"(max-width: 660px) 100vw, 660px\" src=\"data:image\/svg+xml;base64,PHN2ZyB3aWR0aD0iMSIgaGVpZ2h0PSIxIiB4bWxucz0iaHR0cDovL3d3dy53My5vcmcvMjAwMC9zdmciPjwvc3ZnPg==\" style=\"--smush-placeholder-width: 660px; --smush-placeholder-aspect-ratio: 660\/495;\" \/><\/p>\n<p><img decoding=\"async\" data-attachment-id=\"35305\" data-permalink=\"https:\/\/eldiariodesanpedro.com.ar\/sitio\/a-pesar-del-frio-se-realizo-con-exito-la-fiesta-de-san-juan-el-fin-de-semana\/fiesta-del-demonio-jpg3-2\/\" data-orig-file=\"https:\/\/eldiariodesanpedro.com.ar\/sitio\/wp-content\/uploads\/2018\/06\/fiesta-del-demonio-1.jpg3_-1.jpg\" data-orig-size=\"960,720\" data-comments-opened=\"1\" data-image-meta=\"{&quot;aperture&quot;:&quot;0&quot;,&quot;credit&quot;:&quot;&quot;,&quot;camera&quot;:&quot;&quot;,&quot;caption&quot;:&quot;&quot;,&quot;created_timestamp&quot;:&quot;0&quot;,&quot;copyright&quot;:&quot;&quot;,&quot;focal_length&quot;:&quot;0&quot;,&quot;iso&quot;:&quot;0&quot;,&quot;shutter_speed&quot;:&quot;0&quot;,&quot;title&quot;:&quot;&quot;,&quot;orientation&quot;:&quot;0&quot;}\" data-image-title=\"fiesta del demonio.jpg3\" data-image-description=\"\" data-image-caption=\"\" data-large-file=\"https:\/\/eldiariodesanpedro.com.ar\/sitio\/wp-content\/uploads\/2018\/06\/fiesta-del-demonio-1.jpg3_-1.jpg\" class=\"alignnone size-large wp-image-35305 lazyload\" data-src=\"https:\/\/eldiariodesanpedro.com.ar\/sitio\/wp-content\/uploads\/2018\/06\/fiesta-del-demonio-1.jpg3_-1.jpg\" alt=\"\" width=\"660\" height=\"495\" data-srcset=\"https:\/\/eldiariodesanpedro.com.ar\/sitio\/wp-content\/uploads\/2018\/06\/fiesta-del-demonio-1.jpg3_-1.jpg 960w, https:\/\/eldiariodesanpedro.com.ar\/sitio\/wp-content\/uploads\/2018\/06\/fiesta-del-demonio-1.jpg3_-1-300x225.jpg 300w, https:\/\/eldiariodesanpedro.com.ar\/sitio\/wp-content\/uploads\/2018\/06\/fiesta-del-demonio-1.jpg3_-1-768x576.jpg 768w\" data-sizes=\"(max-width: 660px) 100vw, 660px\" src=\"data:image\/svg+xml;base64,PHN2ZyB3aWR0aD0iMSIgaGVpZ2h0PSIxIiB4bWxucz0iaHR0cDovL3d3dy53My5vcmcvMjAwMC9zdmciPjwvc3ZnPg==\" style=\"--smush-placeholder-width: 660px; --smush-placeholder-aspect-ratio: 660\/495;\" \/><\/p>\n","protected":false},"excerpt":{"rendered":"<p>Este fin de semana, en la sede de la Agrupaci\u00f3n Mallorca, se realizo con exito la Fiesta de San Juan, que finaliz\u00f3 con la tradicional Quema del Demonio. El evento dio comienzo el d\u00eda sabado, con talleres de literatura para ni\u00f1os y adultos, los bailes t\u00edpicos de la Agrupaci\u00f3n Mallorca, tambi\u00e9n estaba la feria artesanal [&hellip;]<\/p>\n","protected":false},"author":4,"featured_media":35301,"comment_status":"open","ping_status":"closed","sticky":false,"template":"","format":"standard","meta":{"om_disable_all_campaigns":false,"_jetpack_memberships_contains_paid_content":false,"footnotes":""},"categories":[50,101,2],"tags":[],"class_list":["post-35300","post","type-post","status-publish","format-standard","has-post-thumbnail","hentry","category-destacadas","category-interes-general-locales","category-locales"],"aioseo_notices":[],"gutentor_comment":0,"jetpack_featured_media_url":"https:\/\/eldiariodesanpedro.com.ar\/sitio\/wp-content\/uploads\/2018\/06\/fiesta-del-demonio.jpg3_.jpg","jetpack_shortlink":"https:\/\/wp.me\/p6RhLt-9bm","jetpack_sharing_enabled":true,"_links":{"self":[{"href":"https:\/\/eldiariodesanpedro.com.ar\/sitio\/wp-json\/wp\/v2\/posts\/35300","targetHints":{"allow":["GET"]}}],"collection":[{"href":"https:\/\/eldiariodesanpedro.com.ar\/sitio\/wp-json\/wp\/v2\/posts"}],"about":[{"href":"https:\/\/eldiariodesanpedro.com.ar\/sitio\/wp-json\/wp\/v2\/types\/post"}],"author":[{"embeddable":true,"href":"https:\/\/eldiariodesanpedro.com.ar\/sitio\/wp-json\/wp\/v2\/users\/4"}],"replies":[{"embeddable":true,"href":"https:\/\/eldiariodesanpedro.com.ar\/sitio\/wp-json\/wp\/v2\/comments?post=35300"}],"version-history":[{"count":1,"href":"https:\/\/eldiariodesanpedro.com.ar\/sitio\/wp-json\/wp\/v2\/posts\/35300\/revisions"}],"predecessor-version":[{"id":35306,"href":"https:\/\/eldiariodesanpedro.com.ar\/sitio\/wp-json\/wp\/v2\/posts\/35300\/revisions\/35306"}],"wp:featuredmedia":[{"embeddable":true,"href":"https:\/\/eldiariodesanpedro.com.ar\/sitio\/wp-json\/wp\/v2\/media\/35301"}],"wp:attachment":[{"href":"https:\/\/eldiariodesanpedro.com.ar\/sitio\/wp-json\/wp\/v2\/media?parent=35300"}],"wp:term":[{"taxonomy":"category","embeddable":true,"href":"https:\/\/eldiariodesanpedro.com.ar\/sitio\/wp-json\/wp\/v2\/categories?post=35300"},{"taxonomy":"post_tag","embeddable":true,"href":"https:\/\/eldiariodesanpedro.com.ar\/sitio\/wp-json\/wp\/v2\/tags?post=35300"}],"curies":[{"name":"wp","href":"https:\/\/api.w.org\/{rel}","templated":true}]}}