{"id":35296,"date":"2018-06-25T08:40:36","date_gmt":"2018-06-25T11:40:36","guid":{"rendered":"https:\/\/eldiariodesanpedro.com.ar\/sitio\/?p=35296"},"modified":"2018-06-25T08:40:36","modified_gmt":"2018-06-25T11:40:36","slug":"otra-vez-un-patovica-golpeo-fuertemente-a-un-joven","status":"publish","type":"post","link":"https:\/\/eldiariodesanpedro.com.ar\/sitio\/otra-vez-un-patovica-golpeo-fuertemente-a-un-joven\/","title":{"rendered":"Otra vez, un patovica golpe\u00f3 fuertemente a un joven"},"content":{"rendered":"<p><!-- VideographyWP Plugin Message: Automatic video embedding prevented by plugin options. --><br \/>\nEste domingo a la madrugada, un joven que se encontraba en el local bailable Hollywood, fue agredido fuertemente por un patovica que lo sac\u00f3 a empujones del lugar. Le provoc\u00f3 una fractura de tabique nasal.<\/p>\n<p>Una nueva denuncia se conoci\u00f3 este domingo, en la que involucran a un patovica del local bailable Hollywood, al cumplirse una semana del incidente en otro boliche, donde patovicas agredieron brutalmente a un menor y donde el Juez de Faltas decidi\u00f3 intervenir aplicando una grave sanci\u00f3n al comercio en el que desempe\u00f1aban, Dubai.<\/p>\n<p>Este domingo por la madrugada, se produjo otro incidente que se habr\u00eda originado luego de que un vaso de bebida cayera sobre uno de los trabajadores de seguridad, en el vip del boliche Hollywood, donde se acerca el propio due\u00f1o agredirlos verbalmente diciendo que no eran personas gratas para estar en el lugar y le da la orden a sus empleados que los saquen del local.<\/p>\n<p>Al salir afuera, el joven fue agredido por los patovicas y recibi\u00f3 un golpe de pu\u00f1o en su rostro el cual le provoc\u00f3 la fractura del tabique nasal. La v\u00edctima fue trasladada a la guardia del Hospital \u201cEmilio Ruffa\u201d y asistida por los profesionales.<\/p>\n","protected":false},"excerpt":{"rendered":"<p>Este domingo a la madrugada, un joven que se encontraba en el local bailable Hollywood, fue agredido fuertemente por un patovica que lo sac\u00f3 a empujones del lugar. Le provoc\u00f3 una fractura de tabique nasal. Una nueva denuncia se conoci\u00f3 este domingo, en la que involucran a un patovica del local bailable Hollywood, al cumplirse [&hellip;]<\/p>\n","protected":false},"author":4,"featured_media":35298,"comment_status":"open","ping_status":"closed","sticky":false,"template":"","format":"standard","meta":{"om_disable_all_campaigns":false,"_jetpack_memberships_contains_paid_content":false,"footnotes":""},"categories":[50,2,103],"tags":[],"class_list":["post-35296","post","type-post","status-publish","format-standard","has-post-thumbnail","hentry","category-destacadas","category-locales","category-policiales-locales"],"aioseo_notices":[],"gutentor_comment":0,"jetpack_featured_media_url":"https:\/\/eldiariodesanpedro.com.ar\/sitio\/wp-content\/uploads\/2018\/06\/hollybood.jpg","jetpack_shortlink":"https:\/\/wp.me\/p6RhLt-9bi","jetpack_sharing_enabled":true,"_links":{"self":[{"href":"https:\/\/eldiariodesanpedro.com.ar\/sitio\/wp-json\/wp\/v2\/posts\/35296","targetHints":{"allow":["GET"]}}],"collection":[{"href":"https:\/\/eldiariodesanpedro.com.ar\/sitio\/wp-json\/wp\/v2\/posts"}],"about":[{"href":"https:\/\/eldiariodesanpedro.com.ar\/sitio\/wp-json\/wp\/v2\/types\/post"}],"author":[{"embeddable":true,"href":"https:\/\/eldiariodesanpedro.com.ar\/sitio\/wp-json\/wp\/v2\/users\/4"}],"replies":[{"embeddable":true,"href":"https:\/\/eldiariodesanpedro.com.ar\/sitio\/wp-json\/wp\/v2\/comments?post=35296"}],"version-history":[{"count":1,"href":"https:\/\/eldiariodesanpedro.com.ar\/sitio\/wp-json\/wp\/v2\/posts\/35296\/revisions"}],"predecessor-version":[{"id":35299,"href":"https:\/\/eldiariodesanpedro.com.ar\/sitio\/wp-json\/wp\/v2\/posts\/35296\/revisions\/35299"}],"wp:featuredmedia":[{"embeddable":true,"href":"https:\/\/eldiariodesanpedro.com.ar\/sitio\/wp-json\/wp\/v2\/media\/35298"}],"wp:attachment":[{"href":"https:\/\/eldiariodesanpedro.com.ar\/sitio\/wp-json\/wp\/v2\/media?parent=35296"}],"wp:term":[{"taxonomy":"category","embeddable":true,"href":"https:\/\/eldiariodesanpedro.com.ar\/sitio\/wp-json\/wp\/v2\/categories?post=35296"},{"taxonomy":"post_tag","embeddable":true,"href":"https:\/\/eldiariodesanpedro.com.ar\/sitio\/wp-json\/wp\/v2\/tags?post=35296"}],"curies":[{"name":"wp","href":"https:\/\/api.w.org\/{rel}","templated":true}]}}