{"id":35293,"date":"2018-06-23T13:06:32","date_gmt":"2018-06-23T16:06:32","guid":{"rendered":"https:\/\/eldiariodesanpedro.com.ar\/sitio\/?p=35293"},"modified":"2018-06-23T13:06:32","modified_gmt":"2018-06-23T16:06:32","slug":"campana-robaron-huyeron-chocaron-y-los-vecinos-intentaron-lincharlos","status":"publish","type":"post","link":"https:\/\/eldiariodesanpedro.com.ar\/sitio\/campana-robaron-huyeron-chocaron-y-los-vecinos-intentaron-lincharlos\/","title":{"rendered":"CAMPANA: Robaron, huyeron, chocaron, y los vecinos intentaron \u201clincharlos\u201d"},"content":{"rendered":"<p><!-- VideographyWP Plugin Message: Automatic video embedding prevented by plugin options. --><br \/>\nTres delincuentes le robaron la moto a un repartidor, pero colisionaron con un auto en Capilla del Se\u00f1or y Las Heras. Dos de ellos huyeron, heridos, mientras que el tercero qued\u00f3 en el lugar. Vecinos amenazaron con hacer justicia por mano propia, hasta el arribo de la Polic\u00eda.<\/p>\n<p>Un robo, seguido de accidente y posterior detenci\u00f3n, tuvo lugar en las \u00faltimas horas, en Capilla del se\u00f1or y Las Heras.<\/p>\n<p>En principio, tres delincuentes asaltaron a un repartidor a que le robaron una moto Honda Wave, d\u00e1ndose a la fuga. Sin embargo, al llegar al cruce antes mencionado, colisionaron con un Peugeot 207. <\/p>\n<p>Dos de los sujetos, huyeron malheridos dejando abandonado al tercero. Fue entonces cuando hasta el lugar lleg\u00f3 el due\u00f1o de la moto, quien estaba trabajando en el reparto de comida, y detall\u00f3 lo ocurrido.<\/p>\n<p>Seg\u00fan versiones, algunos vecinos reaccionaron al enterarse del hecho, e increparon al malviviente, amenazando con lincharlo. Pero la intervenci\u00f3n del m\u00f3vil de la zona 3 a cargo del Capit\u00e1n Rodr\u00edguez logr\u00f3 calmar los \u00e1nimos. Luego, se pidi\u00f3 la intervenci\u00f3n de Bomberos en el lugar.<\/p>\n<p>El m\u00f3vil 43, a cargo del Mayor Gerardo G\u00f3mez, traslad\u00f3 al joven domiciliado en San Felipe al hospital local, quedando luego a disposici\u00f3n de la polic\u00eda. De sus c\u00f3mplices, nada se sabe hasta el momento. <\/p>\n<p>Fuente: Norte Bonaerense<\/p>\n","protected":false},"excerpt":{"rendered":"<p>Tres delincuentes le robaron la moto a un repartidor, pero colisionaron con un auto en Capilla del Se\u00f1or y Las Heras. Dos de ellos huyeron, heridos, mientras que el tercero qued\u00f3 en el lugar. Vecinos amenazaron con hacer justicia por mano propia, hasta el arribo de la Polic\u00eda. Un robo, seguido de accidente y posterior [&hellip;]<\/p>\n","protected":false},"author":4,"featured_media":35294,"comment_status":"open","ping_status":"closed","sticky":false,"template":"","format":"standard","meta":{"om_disable_all_campaigns":false,"_jetpack_memberships_contains_paid_content":false,"footnotes":""},"categories":[621],"tags":[],"class_list":["post-35293","post","type-post","status-publish","format-standard","has-post-thumbnail","hentry","category-regionales"],"aioseo_notices":[],"gutentor_comment":0,"jetpack_featured_media_url":"https:\/\/eldiariodesanpedro.com.ar\/sitio\/wp-content\/uploads\/2018\/06\/CAMPANA.jpg","jetpack_shortlink":"https:\/\/wp.me\/p6RhLt-9bf","jetpack_sharing_enabled":true,"_links":{"self":[{"href":"https:\/\/eldiariodesanpedro.com.ar\/sitio\/wp-json\/wp\/v2\/posts\/35293","targetHints":{"allow":["GET"]}}],"collection":[{"href":"https:\/\/eldiariodesanpedro.com.ar\/sitio\/wp-json\/wp\/v2\/posts"}],"about":[{"href":"https:\/\/eldiariodesanpedro.com.ar\/sitio\/wp-json\/wp\/v2\/types\/post"}],"author":[{"embeddable":true,"href":"https:\/\/eldiariodesanpedro.com.ar\/sitio\/wp-json\/wp\/v2\/users\/4"}],"replies":[{"embeddable":true,"href":"https:\/\/eldiariodesanpedro.com.ar\/sitio\/wp-json\/wp\/v2\/comments?post=35293"}],"version-history":[{"count":1,"href":"https:\/\/eldiariodesanpedro.com.ar\/sitio\/wp-json\/wp\/v2\/posts\/35293\/revisions"}],"predecessor-version":[{"id":35295,"href":"https:\/\/eldiariodesanpedro.com.ar\/sitio\/wp-json\/wp\/v2\/posts\/35293\/revisions\/35295"}],"wp:featuredmedia":[{"embeddable":true,"href":"https:\/\/eldiariodesanpedro.com.ar\/sitio\/wp-json\/wp\/v2\/media\/35294"}],"wp:attachment":[{"href":"https:\/\/eldiariodesanpedro.com.ar\/sitio\/wp-json\/wp\/v2\/media?parent=35293"}],"wp:term":[{"taxonomy":"category","embeddable":true,"href":"https:\/\/eldiariodesanpedro.com.ar\/sitio\/wp-json\/wp\/v2\/categories?post=35293"},{"taxonomy":"post_tag","embeddable":true,"href":"https:\/\/eldiariodesanpedro.com.ar\/sitio\/wp-json\/wp\/v2\/tags?post=35293"}],"curies":[{"name":"wp","href":"https:\/\/api.w.org\/{rel}","templated":true}]}}