{"id":35290,"date":"2018-06-23T13:00:40","date_gmt":"2018-06-23T16:00:40","guid":{"rendered":"https:\/\/eldiariodesanpedro.com.ar\/sitio\/?p=35290"},"modified":"2018-06-23T13:00:40","modified_gmt":"2018-06-23T16:00:40","slug":"ramallo-el-lunes-25-paran-municipales-y-docentes","status":"publish","type":"post","link":"https:\/\/eldiariodesanpedro.com.ar\/sitio\/ramallo-el-lunes-25-paran-municipales-y-docentes\/","title":{"rendered":"RAMALLO: El lunes 25 paran municipales y docentes"},"content":{"rendered":"<p><!-- VideographyWP Plugin Message: Automatic video embedding prevented by plugin options. --><br \/>\nEl pr\u00f3ximo lunes 25 de junio se realizara un paro nacional convocado por la CGT, y dem\u00e1s organizaciones, que tendr\u00e1 gran respuesta en las grandes ciudades.<\/p>\n<p>En Ramallo diferentes gremios ya han dado su apoyo a le medida. En el Palacio Municipal, la atenci\u00f3n se ver\u00e1 reducida, ya que ATE y SOEM adhieren a la medida.<\/p>\n<p>En el Hospital Jos\u00e9 Mar\u00eda Gomendio, los m\u00e9dicos afiliados a Cicop se suman a la protesta y habr\u00e1 atenci\u00f3n solo de urgencias.<\/p>\n<p>En las escuelas, desde Suteba y Udocba se suman a la medida, por lo que en algunos establecimientos educativos no habr\u00e1 clases.<\/p>\n","protected":false},"excerpt":{"rendered":"<p>El pr\u00f3ximo lunes 25 de junio se realizara un paro nacional convocado por la CGT, y dem\u00e1s organizaciones, que tendr\u00e1 gran respuesta en las grandes ciudades. En Ramallo diferentes gremios ya han dado su apoyo a le medida. En el Palacio Municipal, la atenci\u00f3n se ver\u00e1 reducida, ya que ATE y SOEM adhieren a la [&hellip;]<\/p>\n","protected":false},"author":4,"featured_media":35291,"comment_status":"open","ping_status":"closed","sticky":false,"template":"","format":"standard","meta":{"om_disable_all_campaigns":false,"_jetpack_memberships_contains_paid_content":false,"footnotes":""},"categories":[621],"tags":[],"class_list":["post-35290","post","type-post","status-publish","format-standard","has-post-thumbnail","hentry","category-regionales"],"aioseo_notices":[],"gutentor_comment":0,"jetpack_featured_media_url":"https:\/\/eldiariodesanpedro.com.ar\/sitio\/wp-content\/uploads\/2018\/06\/RAMALLO.jpeg","jetpack_shortlink":"https:\/\/wp.me\/p6RhLt-9bc","jetpack_sharing_enabled":true,"_links":{"self":[{"href":"https:\/\/eldiariodesanpedro.com.ar\/sitio\/wp-json\/wp\/v2\/posts\/35290","targetHints":{"allow":["GET"]}}],"collection":[{"href":"https:\/\/eldiariodesanpedro.com.ar\/sitio\/wp-json\/wp\/v2\/posts"}],"about":[{"href":"https:\/\/eldiariodesanpedro.com.ar\/sitio\/wp-json\/wp\/v2\/types\/post"}],"author":[{"embeddable":true,"href":"https:\/\/eldiariodesanpedro.com.ar\/sitio\/wp-json\/wp\/v2\/users\/4"}],"replies":[{"embeddable":true,"href":"https:\/\/eldiariodesanpedro.com.ar\/sitio\/wp-json\/wp\/v2\/comments?post=35290"}],"version-history":[{"count":1,"href":"https:\/\/eldiariodesanpedro.com.ar\/sitio\/wp-json\/wp\/v2\/posts\/35290\/revisions"}],"predecessor-version":[{"id":35292,"href":"https:\/\/eldiariodesanpedro.com.ar\/sitio\/wp-json\/wp\/v2\/posts\/35290\/revisions\/35292"}],"wp:featuredmedia":[{"embeddable":true,"href":"https:\/\/eldiariodesanpedro.com.ar\/sitio\/wp-json\/wp\/v2\/media\/35291"}],"wp:attachment":[{"href":"https:\/\/eldiariodesanpedro.com.ar\/sitio\/wp-json\/wp\/v2\/media?parent=35290"}],"wp:term":[{"taxonomy":"category","embeddable":true,"href":"https:\/\/eldiariodesanpedro.com.ar\/sitio\/wp-json\/wp\/v2\/categories?post=35290"},{"taxonomy":"post_tag","embeddable":true,"href":"https:\/\/eldiariodesanpedro.com.ar\/sitio\/wp-json\/wp\/v2\/tags?post=35290"}],"curies":[{"name":"wp","href":"https:\/\/api.w.org\/{rel}","templated":true}]}}