{"id":35287,"date":"2018-06-23T12:55:39","date_gmt":"2018-06-23T15:55:39","guid":{"rendered":"https:\/\/eldiariodesanpedro.com.ar\/sitio\/?p=35287"},"modified":"2018-06-23T12:55:39","modified_gmt":"2018-06-23T15:55:39","slug":"san-nicolas-el-paro-general-del-lunes-tendria-una-alta-adhesion-en-san-nicolas","status":"publish","type":"post","link":"https:\/\/eldiariodesanpedro.com.ar\/sitio\/san-nicolas-el-paro-general-del-lunes-tendria-una-alta-adhesion-en-san-nicolas\/","title":{"rendered":"SAN NICOL\u00c1S: El paro general del lunes tendr\u00eda una alta adhesi\u00f3n en San Nicol\u00e1s"},"content":{"rendered":"<p><!-- VideographyWP Plugin Message: Automatic video embedding prevented by plugin options. --><br \/>\nLas autoridades sindicales de la ciudad, hicieron de publico conocimiento  la decisi\u00f3n de adherir a la medida de fuerza impulsada por la principal central obrera nacional. El mapa de las posturas permite prever que San Nicol\u00e1s estar\u00e1 virtualmente paralizada este lunes. En esta nota, un panorama de lo que ocurrir\u00e1 este lunes.<\/p>\n<p>El paro de actividades anunciado por la Confederaci\u00f3n General del Trabajo (CGT) para el pr\u00f3ximo lunes tendr\u00e1 un fuerte nivel de respaldo por parte de los sindicatos que representan a los trabajadores de los distintos sectores de la econom\u00eda local. El pulso del alcance de la medida de fuerza lo marca la adhesi\u00f3n de la UTA en virtud de que no habr\u00e1 transporte p\u00fablico para quienes opten por acudir a sus puestos de trabajo.<\/p>\n<p>Tampoco habr\u00e1 transporte de cargas tras la decisi\u00f3n de Camioneros de plegarse a la protesta. Adem\u00e1s, la adhesi\u00f3n de Camioneros resiente algunos servicios p\u00fablicos como la recolecci\u00f3n de residuos domiciliarios y el barrido y limpieza de calles puesto que los operarios del ENTRE y Dohm est\u00e1n representados por el sindicato conducido a nivel regional por Maximiliano Cabaleyro.<\/p>\n<p>El paro tendr\u00e1 un fuerte impacto en la industria local ya que la UOM, que representa a los trabajadores de las ramas sider\u00fargica y metal\u00fargica, se pliega a la medida. Esto afectar\u00e1 el proceso de producci\u00f3n de Ternium Argentina, Acindar San Nicol\u00e1s y al conjunto de las pymes del rubro metalmec\u00e1nica, que en nuestra ciudad representa a unos 8.000 trabajadores. Tambi\u00e9n paran Luz y Fuerza y la UOCRA.<\/p>\n<p>El paro de la CGT permite adivinar un lunes \u00abdesierto\u00bb en el microcentro nicole\u00f1o en virtud de que la Asociaci\u00f3n Bancaria y Empleados de Comercio se adhieren a la medida de fuerza. S\u00f3lo abrir\u00edan los comercios atendidos por sus propios due\u00f1os, aunque el temor a alg\u00fan tipo de represalia y el poco movimiento general hacen suponer que ser\u00e1n contados los locales que est\u00e9n abiertos.<\/p>\n<p>Los gremios docentes tambi\u00e9n se pliegan al paro, con lo cual las clases se reanudar\u00e1n reci\u00e9n el martes.<\/p>\n<p>Tampoco municipales<\/p>\n<p>El Sindicato de Trabajadores Municipales (STM) adhiere a la medida de fuerza, con lo cual las distintas reparticiones p\u00fablicas permanecer\u00e1n este lunes con las ventanillas bajas. Esto incluye al CEMAC, pero tambi\u00e9n a los organismos provinciales y nacionales debido a que ATE y UPCN se pliegan a la protesta.<\/p>\n<p>Asimismo, los profesionales de la salud enrolados en Cicop no estar\u00e1n prestando servicios este lunes, lo cual afecta la atenci\u00f3n en consultorios externos del hospital San Felipe. En tanto la seccional local del Sindicato de Vendedores de Diarios y Revistas resolv\u00eda anoche si adher\u00eda al paro o trabajaba normalmente.<\/p>\n<p>Las razones<\/p>\n<p>El del lunes ser\u00e1 el tercer paro general contra el gobierno de Mauricio Macri. El primero fue el 6 de abril de 2017, por la p\u00e9rdida de poder adquisitivo, la p\u00e9rdida de puestos de trabajo, la apertura irrestricta de las importaciones y la ca\u00edda del consumo.<\/p>\n<p>La segunda huelga por 24 horas se realiz\u00f3 el 18 de diciembre pasado contra la reforma previsional. La protesta incluy\u00f3 una masiva movilizaci\u00f3n al Congreso el d\u00eda que la C\u00e1mara de Diputados trat\u00f3 el proyecto del oficialismo, que concluy\u00f3 con decenas de manifestantes y polic\u00edas heridos, y una veintena de detenidos. Durante la jornada, la Plaza de los Dos Congresos fue el campo de batalla de enfrentamientos con las fuerzas armadas.<\/p>\n<p>Este tercer paro se alza contra las medidas adoptadas por el Gobierno nacional, que definen la pol\u00edtica econ\u00f3mica. Tambi\u00e9n se suma el rechazo al acuerdo con el FMI. De acuerdo a lo que le expresara a EL NORTE Hugo Hollman, uno de los triunviros que conduce la CGT regional San Nicol\u00e1s-Ramallo, \u201cyo no tengo una mirada pol\u00edtica sobre lo que significa un paro. Mi mirada es la de un dirigente que debe representar y defender los derechos del trabajador. Y a esos trabajadores hoy no les alcanza el sueldo para pagar la luz, el gas y los alimentos aumentan todos los d\u00edas\u201d.<\/p>\n","protected":false},"excerpt":{"rendered":"<p>Las autoridades sindicales de la ciudad, hicieron de publico conocimiento la decisi\u00f3n de adherir a la medida de fuerza impulsada por la principal central obrera nacional. El mapa de las posturas permite prever que San Nicol\u00e1s estar\u00e1 virtualmente paralizada este lunes. En esta nota, un panorama de lo que ocurrir\u00e1 este lunes. El paro de [&hellip;]<\/p>\n","protected":false},"author":4,"featured_media":35288,"comment_status":"open","ping_status":"closed","sticky":false,"template":"","format":"standard","meta":{"om_disable_all_campaigns":false,"_jetpack_memberships_contains_paid_content":false,"footnotes":""},"categories":[621],"tags":[],"class_list":["post-35287","post","type-post","status-publish","format-standard","has-post-thumbnail","hentry","category-regionales"],"aioseo_notices":[],"gutentor_comment":0,"jetpack_featured_media_url":"https:\/\/eldiariodesanpedro.com.ar\/sitio\/wp-content\/uploads\/2018\/06\/san-nicolas.jpg","jetpack_shortlink":"https:\/\/wp.me\/p6RhLt-9b9","jetpack_sharing_enabled":true,"_links":{"self":[{"href":"https:\/\/eldiariodesanpedro.com.ar\/sitio\/wp-json\/wp\/v2\/posts\/35287","targetHints":{"allow":["GET"]}}],"collection":[{"href":"https:\/\/eldiariodesanpedro.com.ar\/sitio\/wp-json\/wp\/v2\/posts"}],"about":[{"href":"https:\/\/eldiariodesanpedro.com.ar\/sitio\/wp-json\/wp\/v2\/types\/post"}],"author":[{"embeddable":true,"href":"https:\/\/eldiariodesanpedro.com.ar\/sitio\/wp-json\/wp\/v2\/users\/4"}],"replies":[{"embeddable":true,"href":"https:\/\/eldiariodesanpedro.com.ar\/sitio\/wp-json\/wp\/v2\/comments?post=35287"}],"version-history":[{"count":1,"href":"https:\/\/eldiariodesanpedro.com.ar\/sitio\/wp-json\/wp\/v2\/posts\/35287\/revisions"}],"predecessor-version":[{"id":35289,"href":"https:\/\/eldiariodesanpedro.com.ar\/sitio\/wp-json\/wp\/v2\/posts\/35287\/revisions\/35289"}],"wp:featuredmedia":[{"embeddable":true,"href":"https:\/\/eldiariodesanpedro.com.ar\/sitio\/wp-json\/wp\/v2\/media\/35288"}],"wp:attachment":[{"href":"https:\/\/eldiariodesanpedro.com.ar\/sitio\/wp-json\/wp\/v2\/media?parent=35287"}],"wp:term":[{"taxonomy":"category","embeddable":true,"href":"https:\/\/eldiariodesanpedro.com.ar\/sitio\/wp-json\/wp\/v2\/categories?post=35287"},{"taxonomy":"post_tag","embeddable":true,"href":"https:\/\/eldiariodesanpedro.com.ar\/sitio\/wp-json\/wp\/v2\/tags?post=35287"}],"curies":[{"name":"wp","href":"https:\/\/api.w.org\/{rel}","templated":true}]}}