{"id":35275,"date":"2018-06-23T09:36:08","date_gmt":"2018-06-23T12:36:08","guid":{"rendered":"https:\/\/eldiariodesanpedro.com.ar\/sitio\/?p=35275"},"modified":"2018-06-23T09:36:08","modified_gmt":"2018-06-23T12:36:08","slug":"un-menor-aprehendido-por-circular-en-una-motocicleta-robada","status":"publish","type":"post","link":"https:\/\/eldiariodesanpedro.com.ar\/sitio\/un-menor-aprehendido-por-circular-en-una-motocicleta-robada\/","title":{"rendered":"Un menor aprehendido por circular en una motocicleta robada"},"content":{"rendered":"<p><!-- VideographyWP Plugin Message: Automatic video embedding prevented by plugin options. --><br \/>\nEl viernes por la tarde se procedi\u00f3 a la aprehensi\u00f3n de un menor de 15 a\u00f1os que circulaba en una motocicleta 110cc con pedido de secuestro activo.<\/p>\n<p>El joven circulaba por calle Bozzano al 1600 y fue aprehendido por personal policial y trasladado a la seccional, donde se puso a disposici\u00f3n de UFI Juvenil de turno y entrega a progenitores.<\/p>\n","protected":false},"excerpt":{"rendered":"<p>El viernes por la tarde se procedi\u00f3 a la aprehensi\u00f3n de un menor de 15 a\u00f1os que circulaba en una motocicleta 110cc con pedido de secuestro activo. El joven circulaba por calle Bozzano al 1600 y fue aprehendido por personal policial y trasladado a la seccional, donde se puso a disposici\u00f3n de UFI Juvenil de [&hellip;]<\/p>\n","protected":false},"author":4,"featured_media":16167,"comment_status":"open","ping_status":"closed","sticky":false,"template":"","format":"standard","meta":{"om_disable_all_campaigns":false,"_jetpack_memberships_contains_paid_content":false,"footnotes":""},"categories":[2,103],"tags":[],"class_list":["post-35275","post","type-post","status-publish","format-standard","has-post-thumbnail","hentry","category-locales","category-policiales-locales"],"aioseo_notices":[],"gutentor_comment":0,"jetpack_featured_media_url":"https:\/\/eldiariodesanpedro.com.ar\/sitio\/wp-content\/uploads\/2017\/03\/camioneta-policia-e1496177955798.jpg","jetpack_shortlink":"https:\/\/wp.me\/p6RhLt-9aX","jetpack_sharing_enabled":true,"_links":{"self":[{"href":"https:\/\/eldiariodesanpedro.com.ar\/sitio\/wp-json\/wp\/v2\/posts\/35275","targetHints":{"allow":["GET"]}}],"collection":[{"href":"https:\/\/eldiariodesanpedro.com.ar\/sitio\/wp-json\/wp\/v2\/posts"}],"about":[{"href":"https:\/\/eldiariodesanpedro.com.ar\/sitio\/wp-json\/wp\/v2\/types\/post"}],"author":[{"embeddable":true,"href":"https:\/\/eldiariodesanpedro.com.ar\/sitio\/wp-json\/wp\/v2\/users\/4"}],"replies":[{"embeddable":true,"href":"https:\/\/eldiariodesanpedro.com.ar\/sitio\/wp-json\/wp\/v2\/comments?post=35275"}],"version-history":[{"count":1,"href":"https:\/\/eldiariodesanpedro.com.ar\/sitio\/wp-json\/wp\/v2\/posts\/35275\/revisions"}],"predecessor-version":[{"id":35276,"href":"https:\/\/eldiariodesanpedro.com.ar\/sitio\/wp-json\/wp\/v2\/posts\/35275\/revisions\/35276"}],"wp:featuredmedia":[{"embeddable":true,"href":"https:\/\/eldiariodesanpedro.com.ar\/sitio\/wp-json\/wp\/v2\/media\/16167"}],"wp:attachment":[{"href":"https:\/\/eldiariodesanpedro.com.ar\/sitio\/wp-json\/wp\/v2\/media?parent=35275"}],"wp:term":[{"taxonomy":"category","embeddable":true,"href":"https:\/\/eldiariodesanpedro.com.ar\/sitio\/wp-json\/wp\/v2\/categories?post=35275"},{"taxonomy":"post_tag","embeddable":true,"href":"https:\/\/eldiariodesanpedro.com.ar\/sitio\/wp-json\/wp\/v2\/tags?post=35275"}],"curies":[{"name":"wp","href":"https:\/\/api.w.org\/{rel}","templated":true}]}}