{"id":35272,"date":"2018-06-23T09:23:51","date_gmt":"2018-06-23T12:23:51","guid":{"rendered":"https:\/\/eldiariodesanpedro.com.ar\/sitio\/?p=35272"},"modified":"2018-06-23T09:23:51","modified_gmt":"2018-06-23T12:23:51","slug":"le-robaron-sus-herramientas-de-trabajo","status":"publish","type":"post","link":"https:\/\/eldiariodesanpedro.com.ar\/sitio\/le-robaron-sus-herramientas-de-trabajo\/","title":{"rendered":"Le robaron sus herramientas de trabajo"},"content":{"rendered":"<p><!-- VideographyWP Plugin Message: Automatic video embedding prevented by plugin options. --><br \/>\nUn ciudadano domiciliado en calle Noseda al 1000, ratific\u00f3 su denuncia en la dependencia local, donde contaba que al dirigirse al fondo del terreno de su casa, divis\u00f3 el alambrado roto y que le hab\u00edan sustra\u00eddo del interior de un galp\u00f3n que tiene en construcci\u00f3n, sus herramientas de trabajo.<\/p>\n","protected":false},"excerpt":{"rendered":"<p>Un ciudadano domiciliado en calle Noseda al 1000, ratific\u00f3 su denuncia en la dependencia local, donde contaba que al dirigirse al fondo del terreno de su casa, divis\u00f3 el alambrado roto y que le hab\u00edan sustra\u00eddo del interior de un galp\u00f3n que tiene en construcci\u00f3n, sus herramientas de trabajo.<\/p>\n","protected":false},"author":4,"featured_media":35273,"comment_status":"open","ping_status":"closed","sticky":false,"template":"","format":"standard","meta":{"om_disable_all_campaigns":false,"_jetpack_memberships_contains_paid_content":false,"footnotes":""},"categories":[2,103],"tags":[],"class_list":["post-35272","post","type-post","status-publish","format-standard","has-post-thumbnail","hentry","category-locales","category-policiales-locales"],"aioseo_notices":[],"gutentor_comment":0,"jetpack_featured_media_url":"https:\/\/eldiariodesanpedro.com.ar\/sitio\/wp-content\/uploads\/2018\/06\/alambrado-roto.jpg","jetpack_shortlink":"https:\/\/wp.me\/p6RhLt-9aU","jetpack_sharing_enabled":true,"_links":{"self":[{"href":"https:\/\/eldiariodesanpedro.com.ar\/sitio\/wp-json\/wp\/v2\/posts\/35272","targetHints":{"allow":["GET"]}}],"collection":[{"href":"https:\/\/eldiariodesanpedro.com.ar\/sitio\/wp-json\/wp\/v2\/posts"}],"about":[{"href":"https:\/\/eldiariodesanpedro.com.ar\/sitio\/wp-json\/wp\/v2\/types\/post"}],"author":[{"embeddable":true,"href":"https:\/\/eldiariodesanpedro.com.ar\/sitio\/wp-json\/wp\/v2\/users\/4"}],"replies":[{"embeddable":true,"href":"https:\/\/eldiariodesanpedro.com.ar\/sitio\/wp-json\/wp\/v2\/comments?post=35272"}],"version-history":[{"count":1,"href":"https:\/\/eldiariodesanpedro.com.ar\/sitio\/wp-json\/wp\/v2\/posts\/35272\/revisions"}],"predecessor-version":[{"id":35274,"href":"https:\/\/eldiariodesanpedro.com.ar\/sitio\/wp-json\/wp\/v2\/posts\/35272\/revisions\/35274"}],"wp:featuredmedia":[{"embeddable":true,"href":"https:\/\/eldiariodesanpedro.com.ar\/sitio\/wp-json\/wp\/v2\/media\/35273"}],"wp:attachment":[{"href":"https:\/\/eldiariodesanpedro.com.ar\/sitio\/wp-json\/wp\/v2\/media?parent=35272"}],"wp:term":[{"taxonomy":"category","embeddable":true,"href":"https:\/\/eldiariodesanpedro.com.ar\/sitio\/wp-json\/wp\/v2\/categories?post=35272"},{"taxonomy":"post_tag","embeddable":true,"href":"https:\/\/eldiariodesanpedro.com.ar\/sitio\/wp-json\/wp\/v2\/tags?post=35272"}],"curies":[{"name":"wp","href":"https:\/\/api.w.org\/{rel}","templated":true}]}}