{"id":35264,"date":"2018-06-22T20:39:25","date_gmt":"2018-06-22T23:39:25","guid":{"rendered":"https:\/\/eldiariodesanpedro.com.ar\/sitio\/?p=35264"},"modified":"2026-01-24T00:13:27","modified_gmt":"2026-01-24T03:13:27","slug":"nacional-sub-15-de-futbol-gerardo-biain-sigue-siendo-el-tecnico-el-lunes-dara-a-conocer-los-convocados","status":"publish","type":"post","link":"https:\/\/eldiariodesanpedro.com.ar\/sitio\/nacional-sub-15-de-futbol-gerardo-biain-sigue-siendo-el-tecnico-el-lunes-dara-a-conocer-los-convocados\/","title":{"rendered":"NACIONAL SUB 15 DE F\u00daTBOL: Gerardo Biain sigue siendo el t\u00e9cnico; el lunes dar\u00e1 a conocer los convocados"},"content":{"rendered":"<p><!-- VideographyWP Plugin Message: Automatic video embedding prevented by plugin options. --><br \/>\nEl certamen nacional juvenil se jugar\u00e1 pr\u00f3ximamente (la fecha a\u00fan de comienzo no est\u00e1 establecida, pero todo indica que no m\u00e1s all\u00e1 de mediados de julio) y las Ligas de San Pedro y Baradero se ponen en marcha.<\/p>\n<p>  Por el lado de la sampedrina, Gerardo Biain seguir\u00e1 siendo el director t\u00e9cnico, con quien fue campe\u00f3n en 2016 e hizo gran campa\u00f1a llegando a semifinales en 2015 y 2017. Es un t\u00e9cnico que demostr\u00f3 capacidad a lo largo de su trayectoria, logrando varios t\u00edtulos en el infantil y f\u00fatbol formativo de la liga mayor.<\/p>\n<p>  El lunes pr\u00f3ximo dar\u00e1 a conocer la lista de convocados a los directivos liguistas y comenzar\u00e1 a trabajar a la brevedad en el campo de deportes \u201cPablo Noat\u201d del club La Esperanza y colaboradores que dar\u00e1 a conocer junto al listado.<\/p>\n<p>  Por el lado de la Liga de Baradero el flamante director t\u00e9cnico es Mario M\u00e9ndez, ex t\u00e9cnico de Agricultores Club de G. Castro y quien por razones laborales est\u00e1 en la vecina ciudad, fue convocado por aquella liga para que Baradero retorne a disputar un torneo juvenil a nivel regional (en los \u00faltimos a\u00f1os lo hizo dos veces -2011 y 2014- y fue con la cat. Sub 17).<\/p>\n<p>  M\u00e9ndez es un gran entusiasta del f\u00fatbol y adem\u00e1s trabaja con gran seriedad lo que le dio frutos a nivel local y fue un puntapi\u00e9 para que varios jugadores de G. Castro pudieran probar suerte en clubes de AFA. Lo acompa\u00f1ar\u00e1n Edgardo P\u00e9rez y Diego B\u00e1ez. <\/p>\n","protected":false},"excerpt":{"rendered":"<p>El certamen nacional juvenil se jugar\u00e1 pr\u00f3ximamente (la fecha a\u00fan de comienzo no est\u00e1 establecida, pero todo indica que no m\u00e1s all\u00e1 de mediados de julio) y las Ligas de San Pedro y Baradero se ponen en marcha. Por el lado de la sampedrina, Gerardo Biain seguir\u00e1 siendo el director t\u00e9cnico, con quien fue campe\u00f3n [&hellip;]<\/p>\n","protected":false},"author":4,"featured_media":21255,"comment_status":"open","ping_status":"closed","sticky":false,"template":"","format":"standard","meta":{"om_disable_all_campaigns":false,"_jetpack_memberships_contains_paid_content":false,"footnotes":""},"categories":[5],"tags":[],"class_list":["post-35264","post","type-post","status-publish","format-standard","has-post-thumbnail","hentry","category-deportes"],"aioseo_notices":[],"gutentor_comment":0,"jetpack_featured_media_url":"https:\/\/eldiariodesanpedro.com.ar\/sitio\/wp-content\/uploads\/2017\/07\/futbol-arco.jpg","jetpack_shortlink":"https:\/\/wp.me\/p6RhLt-9aM","jetpack_sharing_enabled":true,"_links":{"self":[{"href":"https:\/\/eldiariodesanpedro.com.ar\/sitio\/wp-json\/wp\/v2\/posts\/35264","targetHints":{"allow":["GET"]}}],"collection":[{"href":"https:\/\/eldiariodesanpedro.com.ar\/sitio\/wp-json\/wp\/v2\/posts"}],"about":[{"href":"https:\/\/eldiariodesanpedro.com.ar\/sitio\/wp-json\/wp\/v2\/types\/post"}],"author":[{"embeddable":true,"href":"https:\/\/eldiariodesanpedro.com.ar\/sitio\/wp-json\/wp\/v2\/users\/4"}],"replies":[{"embeddable":true,"href":"https:\/\/eldiariodesanpedro.com.ar\/sitio\/wp-json\/wp\/v2\/comments?post=35264"}],"version-history":[{"count":1,"href":"https:\/\/eldiariodesanpedro.com.ar\/sitio\/wp-json\/wp\/v2\/posts\/35264\/revisions"}],"predecessor-version":[{"id":35267,"href":"https:\/\/eldiariodesanpedro.com.ar\/sitio\/wp-json\/wp\/v2\/posts\/35264\/revisions\/35267"}],"wp:featuredmedia":[{"embeddable":true,"href":"https:\/\/eldiariodesanpedro.com.ar\/sitio\/wp-json\/wp\/v2\/media\/21255"}],"wp:attachment":[{"href":"https:\/\/eldiariodesanpedro.com.ar\/sitio\/wp-json\/wp\/v2\/media?parent=35264"}],"wp:term":[{"taxonomy":"category","embeddable":true,"href":"https:\/\/eldiariodesanpedro.com.ar\/sitio\/wp-json\/wp\/v2\/categories?post=35264"},{"taxonomy":"post_tag","embeddable":true,"href":"https:\/\/eldiariodesanpedro.com.ar\/sitio\/wp-json\/wp\/v2\/tags?post=35264"}],"curies":[{"name":"wp","href":"https:\/\/api.w.org\/{rel}","templated":true}]}}