{"id":35261,"date":"2018-06-22T20:36:10","date_gmt":"2018-06-22T23:36:10","guid":{"rendered":"https:\/\/eldiariodesanpedro.com.ar\/sitio\/?p=35261"},"modified":"2026-01-24T00:13:27","modified_gmt":"2026-01-24T03:13:27","slug":"futbol-local-mitre-parana-juegan-hoy-por-cuartos-de-final-en-el-estadio-municipal","status":"publish","type":"post","link":"https:\/\/eldiariodesanpedro.com.ar\/sitio\/futbol-local-mitre-parana-juegan-hoy-por-cuartos-de-final-en-el-estadio-municipal\/","title":{"rendered":"F\u00daTBOL LOCAL: Mitre-Paran\u00e1 juegan ma\u00f1ana por cuartos de final en el Estadio Municipal"},"content":{"rendered":"<p><!-- VideographyWP Plugin Message: Automatic video embedding prevented by plugin options. --><br \/>\nUn s\u00e1bado con f\u00fatbol y del \u201cbueno\u201d por el certamen liguista, ya que el cl\u00e1sico m\u00e1s convocante de nuestra ciudad lo juegan por continuar en el Torneo Apertura \u201cClasificatorio al Regional Amateur\u201d. Ser\u00e1 por cuartos de final y de no haber ganadores en los noventa minutos se define en los penales. Tendr\u00e1 adem\u00e1s una buena propuesta desde horas del mediod\u00eda, ya que tambi\u00e9n se enfrentan por el partido de ida semifinal de quinta y cuarta los mismos rivales.<br \/>\n  Para el domingo otros tres cotejos que se jugar\u00e1n en San Pedro, P\u00e9rez Mill\u00e1n y Baradero. <\/p>\n<p><strong>Los partidos<\/strong><br \/>\n<em>Estadio Municipal, s\u00e1bado 23 de junio<\/em><br \/>\n12.00 \u2013 5\u00ba- Mitre vs. Paran\u00e1<br \/>\n13.30 \u2013 4\u00ba \u2013 Mitre vs. Paran\u00e1<br \/>\n15.00 \u2013 1\u00ba \u2013 Mitre vs. Paran\u00e1 <\/p>\n<p><em>En campo de Deportes \u201cPablo Noat\u201d, domingo 24 de junio<\/em><br \/>\n12.00 \u2013 5\u00ba \u2013 La Esperanza vs. Independencia<br \/>\n13.30 \u2013 4\u00ba \u2013 La Esperanza vs. Atl\u00e9tico<br \/>\n15.00 \u2013 1\u00ba \u2013 La Esperanza vs. Atl\u00e9tico<\/p>\n<p><em>En P\u00e9rez Mill\u00e1n, domingo 24 de junio<\/em><br \/>\n15.30 \u2013 1\u00ba \u2013 Gral. San Mart\u00edn vs. Banfield<\/p>\n<p><em>En Polideportivo Ruta 41, domingo 24 de junio<\/em><br \/>\n15.00 \u2013 1\u00ba \u2013 Sportivo vs. Las Palmeras<\/p>\n<p><strong>Pendientes<\/strong><br \/>\nSemifinales tercera divisi\u00f3n<br \/>\nLa Esperanza vs. Mitre<br \/>\nG. San Mart\u00edn vs. Agricultores<\/p>\n<p><em>Semifinales, Sub 21<\/em><br \/>\nG. San Mart\u00edn vs. La Esperanza<br \/>\nSportivo vs. Def. Unidos<\/p>\n","protected":false},"excerpt":{"rendered":"<p>Un s\u00e1bado con f\u00fatbol y del \u201cbueno\u201d por el certamen liguista, ya que el cl\u00e1sico m\u00e1s convocante de nuestra ciudad lo juegan por continuar en el Torneo Apertura \u201cClasificatorio al Regional Amateur\u201d. Ser\u00e1 por cuartos de final y de no haber ganadores en los noventa minutos se define en los penales. Tendr\u00e1 adem\u00e1s una buena [&hellip;]<\/p>\n","protected":false},"author":4,"featured_media":12943,"comment_status":"open","ping_status":"closed","sticky":false,"template":"","format":"standard","meta":{"om_disable_all_campaigns":false,"_jetpack_memberships_contains_paid_content":false,"footnotes":""},"categories":[5],"tags":[],"class_list":["post-35261","post","type-post","status-publish","format-standard","has-post-thumbnail","hentry","category-deportes"],"aioseo_notices":[],"gutentor_comment":0,"jetpack_featured_media_url":"https:\/\/eldiariodesanpedro.com.ar\/sitio\/wp-content\/uploads\/2017\/01\/futbol.jpg","jetpack_shortlink":"https:\/\/wp.me\/p6RhLt-9aJ","jetpack_sharing_enabled":true,"_links":{"self":[{"href":"https:\/\/eldiariodesanpedro.com.ar\/sitio\/wp-json\/wp\/v2\/posts\/35261","targetHints":{"allow":["GET"]}}],"collection":[{"href":"https:\/\/eldiariodesanpedro.com.ar\/sitio\/wp-json\/wp\/v2\/posts"}],"about":[{"href":"https:\/\/eldiariodesanpedro.com.ar\/sitio\/wp-json\/wp\/v2\/types\/post"}],"author":[{"embeddable":true,"href":"https:\/\/eldiariodesanpedro.com.ar\/sitio\/wp-json\/wp\/v2\/users\/4"}],"replies":[{"embeddable":true,"href":"https:\/\/eldiariodesanpedro.com.ar\/sitio\/wp-json\/wp\/v2\/comments?post=35261"}],"version-history":[{"count":2,"href":"https:\/\/eldiariodesanpedro.com.ar\/sitio\/wp-json\/wp\/v2\/posts\/35261\/revisions"}],"predecessor-version":[{"id":35265,"href":"https:\/\/eldiariodesanpedro.com.ar\/sitio\/wp-json\/wp\/v2\/posts\/35261\/revisions\/35265"}],"wp:featuredmedia":[{"embeddable":true,"href":"https:\/\/eldiariodesanpedro.com.ar\/sitio\/wp-json\/wp\/v2\/media\/12943"}],"wp:attachment":[{"href":"https:\/\/eldiariodesanpedro.com.ar\/sitio\/wp-json\/wp\/v2\/media?parent=35261"}],"wp:term":[{"taxonomy":"category","embeddable":true,"href":"https:\/\/eldiariodesanpedro.com.ar\/sitio\/wp-json\/wp\/v2\/categories?post=35261"},{"taxonomy":"post_tag","embeddable":true,"href":"https:\/\/eldiariodesanpedro.com.ar\/sitio\/wp-json\/wp\/v2\/tags?post=35261"}],"curies":[{"name":"wp","href":"https:\/\/api.w.org\/{rel}","templated":true}]}}