{"id":35259,"date":"2018-06-22T20:34:48","date_gmt":"2018-06-22T23:34:48","guid":{"rendered":"https:\/\/eldiariodesanpedro.com.ar\/sitio\/?p=35259"},"modified":"2026-01-24T00:13:27","modified_gmt":"2026-01-24T03:13:27","slug":"baby-futbol-manana-la-15-jornada-del-torneo-apertura","status":"publish","type":"post","link":"https:\/\/eldiariodesanpedro.com.ar\/sitio\/baby-futbol-manana-la-15-jornada-del-torneo-apertura\/","title":{"rendered":"BABY F\u00daTBOL: Ma\u00f1ana la 15\u00b0 jornada del Torneo Apertura"},"content":{"rendered":"<p><!-- VideographyWP Plugin Message: Automatic video embedding prevented by plugin options. --><br \/>\nCierra este s\u00e1bado el f\u00fatbol infantil una semana intensa, ya que en ocho d\u00edas se jugar\u00e1n tres fechas. Los partidos para ma\u00f1ana:<\/p>\n<p><strong>FECHA 15  <\/strong><br \/>\n<em>12:00 horas<\/em><br \/>\nPescadores vs. Fundici\u00f3n<br \/>\nCentral C\u00f3rdoba vs. San Roque<br \/>\nGral. San Mart\u00edn vs. Los Andes<br \/>\nRivadavia vs. Mitre<br \/>\nDefensores Unidos vs. El Tanque<br \/>\nIndependencia vs. Villa Igoillo<\/p>\n<p><em>12:30 horas<\/em><br \/>\nEl Porvenir vs. Independiente (RT)<br \/>\nSportivo vs. Paran\u00e1<br \/>\nDeportivo Alsina vs. Castro FC<br \/>\nAm\u00e9rica vs. Atl\u00e9tico<\/p>\n<p><em>13:00 horas<\/em><br \/>\nCosta Azul vs. Agricultores<\/p>\n","protected":false},"excerpt":{"rendered":"<p>Cierra este s\u00e1bado el f\u00fatbol infantil una semana intensa, ya que en ocho d\u00edas se jugar\u00e1n tres fechas. Los partidos para ma\u00f1ana: FECHA 15 12:00 horas Pescadores vs. Fundici\u00f3n Central C\u00f3rdoba vs. San Roque Gral. San Mart\u00edn vs. Los Andes Rivadavia vs. Mitre Defensores Unidos vs. El Tanque Independencia vs. Villa Igoillo 12:30 horas El [&hellip;]<\/p>\n","protected":false},"author":4,"featured_media":3872,"comment_status":"open","ping_status":"closed","sticky":false,"template":"","format":"standard","meta":{"om_disable_all_campaigns":false,"_jetpack_memberships_contains_paid_content":false,"footnotes":""},"categories":[5],"tags":[],"class_list":["post-35259","post","type-post","status-publish","format-standard","has-post-thumbnail","hentry","category-deportes"],"aioseo_notices":[],"gutentor_comment":0,"jetpack_featured_media_url":"https:\/\/eldiariodesanpedro.com.ar\/sitio\/wp-content\/uploads\/2016\/05\/futbol_infantil_1024x768_1.jpg","jetpack_shortlink":"https:\/\/wp.me\/p6RhLt-9aH","jetpack_sharing_enabled":true,"_links":{"self":[{"href":"https:\/\/eldiariodesanpedro.com.ar\/sitio\/wp-json\/wp\/v2\/posts\/35259","targetHints":{"allow":["GET"]}}],"collection":[{"href":"https:\/\/eldiariodesanpedro.com.ar\/sitio\/wp-json\/wp\/v2\/posts"}],"about":[{"href":"https:\/\/eldiariodesanpedro.com.ar\/sitio\/wp-json\/wp\/v2\/types\/post"}],"author":[{"embeddable":true,"href":"https:\/\/eldiariodesanpedro.com.ar\/sitio\/wp-json\/wp\/v2\/users\/4"}],"replies":[{"embeddable":true,"href":"https:\/\/eldiariodesanpedro.com.ar\/sitio\/wp-json\/wp\/v2\/comments?post=35259"}],"version-history":[{"count":1,"href":"https:\/\/eldiariodesanpedro.com.ar\/sitio\/wp-json\/wp\/v2\/posts\/35259\/revisions"}],"predecessor-version":[{"id":35262,"href":"https:\/\/eldiariodesanpedro.com.ar\/sitio\/wp-json\/wp\/v2\/posts\/35259\/revisions\/35262"}],"wp:featuredmedia":[{"embeddable":true,"href":"https:\/\/eldiariodesanpedro.com.ar\/sitio\/wp-json\/wp\/v2\/media\/3872"}],"wp:attachment":[{"href":"https:\/\/eldiariodesanpedro.com.ar\/sitio\/wp-json\/wp\/v2\/media?parent=35259"}],"wp:term":[{"taxonomy":"category","embeddable":true,"href":"https:\/\/eldiariodesanpedro.com.ar\/sitio\/wp-json\/wp\/v2\/categories?post=35259"},{"taxonomy":"post_tag","embeddable":true,"href":"https:\/\/eldiariodesanpedro.com.ar\/sitio\/wp-json\/wp\/v2\/tags?post=35259"}],"curies":[{"name":"wp","href":"https:\/\/api.w.org\/{rel}","templated":true}]}}