{"id":35256,"date":"2018-06-22T20:33:22","date_gmt":"2018-06-22T23:33:22","guid":{"rendered":"https:\/\/eldiariodesanpedro.com.ar\/sitio\/?p=35256"},"modified":"2026-01-24T00:13:27","modified_gmt":"2026-01-24T03:13:27","slug":"rugby-tiro-sera-visitante-en-la-10-fecha-del-torneo-de-segunda-de-urba","status":"publish","type":"post","link":"https:\/\/eldiariodesanpedro.com.ar\/sitio\/rugby-tiro-sera-visitante-en-la-10-fecha-del-torneo-de-segunda-de-urba\/","title":{"rendered":"RUGBY: Tiro ser\u00e1 visitante en la 10\u00b0 fecha del torneo de segunda de URBA"},"content":{"rendered":"<p><!-- VideographyWP Plugin Message: Automatic video embedding prevented by plugin options. --><br \/>\n  Por la d\u00e9cima fecha del Torneo de Segunda divisi\u00f3n de la Uni\u00f3n de Rugby de Buenos Aires (URBA), Tiro Federal juega ante Varela Junior, equipo que juega como local en Florencio Varela (Ruta Provincial 53 -Av. Eva Per\u00f3n- Km. 10, Paraje La Capilla).<br \/>\n  El de San Pedro marcha en mitad de tabla y viene de un triunfo el pasado fin de semana en su cancha.  <\/p>\n<p><img decoding=\"async\" data-attachment-id=\"35258\" data-permalink=\"https:\/\/eldiariodesanpedro.com.ar\/sitio\/rugby-tiro-sera-visitante-en-la-10-fecha-del-torneo-de-segunda-de-urba\/rugby-fecha-10\/\" data-orig-file=\"https:\/\/eldiariodesanpedro.com.ar\/sitio\/wp-content\/uploads\/2018\/06\/rugby-fecha-10.png\" data-orig-size=\"621,305\" data-comments-opened=\"1\" data-image-meta=\"{&quot;aperture&quot;:&quot;0&quot;,&quot;credit&quot;:&quot;&quot;,&quot;camera&quot;:&quot;&quot;,&quot;caption&quot;:&quot;&quot;,&quot;created_timestamp&quot;:&quot;0&quot;,&quot;copyright&quot;:&quot;&quot;,&quot;focal_length&quot;:&quot;0&quot;,&quot;iso&quot;:&quot;0&quot;,&quot;shutter_speed&quot;:&quot;0&quot;,&quot;title&quot;:&quot;&quot;,&quot;orientation&quot;:&quot;0&quot;}\" data-image-title=\"rugby fecha 10\" data-image-description=\"\" data-image-caption=\"\" data-large-file=\"https:\/\/eldiariodesanpedro.com.ar\/sitio\/wp-content\/uploads\/2018\/06\/rugby-fecha-10.png\" data-src=\"https:\/\/eldiariodesanpedro.com.ar\/sitio\/wp-content\/uploads\/2018\/06\/rugby-fecha-10.png\" alt=\"\" width=\"621\" height=\"305\" class=\"alignnone size-full wp-image-35258 lazyload\" data-srcset=\"https:\/\/eldiariodesanpedro.com.ar\/sitio\/wp-content\/uploads\/2018\/06\/rugby-fecha-10.png 621w, https:\/\/eldiariodesanpedro.com.ar\/sitio\/wp-content\/uploads\/2018\/06\/rugby-fecha-10-300x147.png 300w\" data-sizes=\"(max-width: 621px) 100vw, 621px\" src=\"data:image\/svg+xml;base64,PHN2ZyB3aWR0aD0iMSIgaGVpZ2h0PSIxIiB4bWxucz0iaHR0cDovL3d3dy53My5vcmcvMjAwMC9zdmciPjwvc3ZnPg==\" style=\"--smush-placeholder-width: 621px; --smush-placeholder-aspect-ratio: 621\/305;\" \/><\/p>\n","protected":false},"excerpt":{"rendered":"<p>Por la d\u00e9cima fecha del Torneo de Segunda divisi\u00f3n de la Uni\u00f3n de Rugby de Buenos Aires (URBA), Tiro Federal juega ante Varela Junior, equipo que juega como local en Florencio Varela (Ruta Provincial 53 -Av. Eva Per\u00f3n- Km. 10, Paraje La Capilla). El de San Pedro marcha en mitad de tabla y viene de [&hellip;]<\/p>\n","protected":false},"author":4,"featured_media":21896,"comment_status":"open","ping_status":"closed","sticky":false,"template":"","format":"standard","meta":{"om_disable_all_campaigns":false,"_jetpack_memberships_contains_paid_content":false,"footnotes":""},"categories":[5],"tags":[],"class_list":["post-35256","post","type-post","status-publish","format-standard","has-post-thumbnail","hentry","category-deportes"],"aioseo_notices":[],"gutentor_comment":0,"jetpack_featured_media_url":"https:\/\/eldiariodesanpedro.com.ar\/sitio\/wp-content\/uploads\/2017\/08\/cancha-rugby.jpg","jetpack_shortlink":"https:\/\/wp.me\/p6RhLt-9aE","jetpack_sharing_enabled":true,"_links":{"self":[{"href":"https:\/\/eldiariodesanpedro.com.ar\/sitio\/wp-json\/wp\/v2\/posts\/35256","targetHints":{"allow":["GET"]}}],"collection":[{"href":"https:\/\/eldiariodesanpedro.com.ar\/sitio\/wp-json\/wp\/v2\/posts"}],"about":[{"href":"https:\/\/eldiariodesanpedro.com.ar\/sitio\/wp-json\/wp\/v2\/types\/post"}],"author":[{"embeddable":true,"href":"https:\/\/eldiariodesanpedro.com.ar\/sitio\/wp-json\/wp\/v2\/users\/4"}],"replies":[{"embeddable":true,"href":"https:\/\/eldiariodesanpedro.com.ar\/sitio\/wp-json\/wp\/v2\/comments?post=35256"}],"version-history":[{"count":1,"href":"https:\/\/eldiariodesanpedro.com.ar\/sitio\/wp-json\/wp\/v2\/posts\/35256\/revisions"}],"predecessor-version":[{"id":35260,"href":"https:\/\/eldiariodesanpedro.com.ar\/sitio\/wp-json\/wp\/v2\/posts\/35256\/revisions\/35260"}],"wp:featuredmedia":[{"embeddable":true,"href":"https:\/\/eldiariodesanpedro.com.ar\/sitio\/wp-json\/wp\/v2\/media\/21896"}],"wp:attachment":[{"href":"https:\/\/eldiariodesanpedro.com.ar\/sitio\/wp-json\/wp\/v2\/media?parent=35256"}],"wp:term":[{"taxonomy":"category","embeddable":true,"href":"https:\/\/eldiariodesanpedro.com.ar\/sitio\/wp-json\/wp\/v2\/categories?post=35256"},{"taxonomy":"post_tag","embeddable":true,"href":"https:\/\/eldiariodesanpedro.com.ar\/sitio\/wp-json\/wp\/v2\/tags?post=35256"}],"curies":[{"name":"wp","href":"https:\/\/api.w.org\/{rel}","templated":true}]}}