{"id":35247,"date":"2018-06-22T17:09:58","date_gmt":"2018-06-22T20:09:58","guid":{"rendered":"https:\/\/eldiariodesanpedro.com.ar\/sitio\/?p=35247"},"modified":"2018-06-22T17:09:58","modified_gmt":"2018-06-22T20:09:58","slug":"ramallo-parque-industrial-en-savio-convocatoria-a-audiencia-publica","status":"publish","type":"post","link":"https:\/\/eldiariodesanpedro.com.ar\/sitio\/ramallo-parque-industrial-en-savio-convocatoria-a-audiencia-publica\/","title":{"rendered":"RAMALLO: Parque Industrial en Savio, convocatoria a Audiencia Publica"},"content":{"rendered":"<p><!-- VideographyWP Plugin Message: Automatic video embedding prevented by plugin options. --><br \/>\nLa Municipalidad de Ramallo llam\u00f3 a audiencia p\u00fablica para tratar el proyecto de construcci\u00f3n del Parque Industrial Mixto del Partido de Ramallo. La misma se realizara el pr\u00f3ximo s\u00e1bado 23 de junio, en la localidad de Villa General Savio, lugar donde se emplazar\u00e1 el emprendimiento<br \/>\nAdem\u00e1s est\u00e1 abierta la inscripci\u00f3n para anotarse como oradores, con fecha l\u00edmite el 21 de junio, en la Delegaci\u00f3n Municipal Villa General Savio, en calle Sim\u00f3n S\u00e1nchez 748, o la oficina de la Secretaria de Obras y Servicios P\u00fablicos Municipal, en el primer piso del Palacio Municipal, Belgrano y Savio de la ciudad cabecera.<\/p>\n<p>El s\u00e1bado 23, la audiencia p\u00fablica se realizara en las instalaciones del Club Brisas del Paran\u00e1, desde las 18 horas.<\/p>\n<p>El expediente se podr\u00e1 visualizar p\u00fablicamente hasta el 21 de junio, de 8 a 12 horas, en el edificio municipal.<\/p>\n<p>Fuente: Ramallo Ciudad <\/p>\n","protected":false},"excerpt":{"rendered":"<p>La Municipalidad de Ramallo llam\u00f3 a audiencia p\u00fablica para tratar el proyecto de construcci\u00f3n del Parque Industrial Mixto del Partido de Ramallo. La misma se realizara el pr\u00f3ximo s\u00e1bado 23 de junio, en la localidad de Villa General Savio, lugar donde se emplazar\u00e1 el emprendimiento Adem\u00e1s est\u00e1 abierta la inscripci\u00f3n para anotarse como oradores, con [&hellip;]<\/p>\n","protected":false},"author":4,"featured_media":35248,"comment_status":"open","ping_status":"closed","sticky":false,"template":"","format":"standard","meta":{"om_disable_all_campaigns":false,"_jetpack_memberships_contains_paid_content":false,"footnotes":""},"categories":[621],"tags":[],"class_list":["post-35247","post","type-post","status-publish","format-standard","has-post-thumbnail","hentry","category-regionales"],"aioseo_notices":[],"gutentor_comment":0,"jetpack_featured_media_url":"https:\/\/eldiariodesanpedro.com.ar\/sitio\/wp-content\/uploads\/2018\/06\/bbx_147809969_1_acero.jpg","jetpack_shortlink":"https:\/\/wp.me\/p6RhLt-9av","jetpack_sharing_enabled":true,"_links":{"self":[{"href":"https:\/\/eldiariodesanpedro.com.ar\/sitio\/wp-json\/wp\/v2\/posts\/35247","targetHints":{"allow":["GET"]}}],"collection":[{"href":"https:\/\/eldiariodesanpedro.com.ar\/sitio\/wp-json\/wp\/v2\/posts"}],"about":[{"href":"https:\/\/eldiariodesanpedro.com.ar\/sitio\/wp-json\/wp\/v2\/types\/post"}],"author":[{"embeddable":true,"href":"https:\/\/eldiariodesanpedro.com.ar\/sitio\/wp-json\/wp\/v2\/users\/4"}],"replies":[{"embeddable":true,"href":"https:\/\/eldiariodesanpedro.com.ar\/sitio\/wp-json\/wp\/v2\/comments?post=35247"}],"version-history":[{"count":1,"href":"https:\/\/eldiariodesanpedro.com.ar\/sitio\/wp-json\/wp\/v2\/posts\/35247\/revisions"}],"predecessor-version":[{"id":35249,"href":"https:\/\/eldiariodesanpedro.com.ar\/sitio\/wp-json\/wp\/v2\/posts\/35247\/revisions\/35249"}],"wp:featuredmedia":[{"embeddable":true,"href":"https:\/\/eldiariodesanpedro.com.ar\/sitio\/wp-json\/wp\/v2\/media\/35248"}],"wp:attachment":[{"href":"https:\/\/eldiariodesanpedro.com.ar\/sitio\/wp-json\/wp\/v2\/media?parent=35247"}],"wp:term":[{"taxonomy":"category","embeddable":true,"href":"https:\/\/eldiariodesanpedro.com.ar\/sitio\/wp-json\/wp\/v2\/categories?post=35247"},{"taxonomy":"post_tag","embeddable":true,"href":"https:\/\/eldiariodesanpedro.com.ar\/sitio\/wp-json\/wp\/v2\/tags?post=35247"}],"curies":[{"name":"wp","href":"https:\/\/api.w.org\/{rel}","templated":true}]}}