{"id":35244,"date":"2018-06-22T17:06:59","date_gmt":"2018-06-22T20:06:59","guid":{"rendered":"https:\/\/eldiariodesanpedro.com.ar\/sitio\/?p=35244"},"modified":"2018-06-22T17:06:59","modified_gmt":"2018-06-22T20:06:59","slug":"baradero-procedimiento-con-migraciones-y-policia-federal-en-un-supermercado-chino","status":"publish","type":"post","link":"https:\/\/eldiariodesanpedro.com.ar\/sitio\/baradero-procedimiento-con-migraciones-y-policia-federal-en-un-supermercado-chino\/","title":{"rendered":"BARADERO: Procedimiento con Migraciones y Polic\u00eda Federal en un supermercado chino"},"content":{"rendered":"<p><!-- VideographyWP Plugin Message: Automatic video embedding prevented by plugin options. --><br \/>\nFue alrededor de las 14.30 de este jueves en el comercio ubicado en San Mart\u00edn y Pedro Alonso.<\/p>\n<p>All\u00ed se presentaron efectivos de Polic\u00eda Federal con apoyo de la Polic\u00eda comunal, as\u00ed como tambi\u00e9n se encontraban presentes veh\u00edculos pertenecientes la Direcci\u00f3n General de Migraciones.<\/p>\n<p>Posteriormente, tambi\u00e9n llamaron a una ambulancia que cort\u00f3 el tr\u00e1nsito.<\/p>\n<p>Del lugar secuestraron dos pasaportes con sellos adulterados. A su vez, en el local hab\u00eda una mujer de nacionalidad china que estaba indocumentada.<\/p>\n<p>Fuente: Tu Linea Directa<\/p>\n","protected":false},"excerpt":{"rendered":"<p>Fue alrededor de las 14.30 de este jueves en el comercio ubicado en San Mart\u00edn y Pedro Alonso. All\u00ed se presentaron efectivos de Polic\u00eda Federal con apoyo de la Polic\u00eda comunal, as\u00ed como tambi\u00e9n se encontraban presentes veh\u00edculos pertenecientes la Direcci\u00f3n General de Migraciones. Posteriormente, tambi\u00e9n llamaron a una ambulancia que cort\u00f3 el tr\u00e1nsito. Del [&hellip;]<\/p>\n","protected":false},"author":4,"featured_media":35245,"comment_status":"open","ping_status":"closed","sticky":false,"template":"","format":"standard","meta":{"om_disable_all_campaigns":false,"_jetpack_memberships_contains_paid_content":false,"footnotes":""},"categories":[621],"tags":[],"class_list":["post-35244","post","type-post","status-publish","format-standard","has-post-thumbnail","hentry","category-regionales"],"aioseo_notices":[],"gutentor_comment":0,"jetpack_featured_media_url":"https:\/\/eldiariodesanpedro.com.ar\/sitio\/wp-content\/uploads\/2018\/06\/PAGINA-7-.jpg","jetpack_shortlink":"https:\/\/wp.me\/p6RhLt-9as","jetpack_sharing_enabled":true,"_links":{"self":[{"href":"https:\/\/eldiariodesanpedro.com.ar\/sitio\/wp-json\/wp\/v2\/posts\/35244","targetHints":{"allow":["GET"]}}],"collection":[{"href":"https:\/\/eldiariodesanpedro.com.ar\/sitio\/wp-json\/wp\/v2\/posts"}],"about":[{"href":"https:\/\/eldiariodesanpedro.com.ar\/sitio\/wp-json\/wp\/v2\/types\/post"}],"author":[{"embeddable":true,"href":"https:\/\/eldiariodesanpedro.com.ar\/sitio\/wp-json\/wp\/v2\/users\/4"}],"replies":[{"embeddable":true,"href":"https:\/\/eldiariodesanpedro.com.ar\/sitio\/wp-json\/wp\/v2\/comments?post=35244"}],"version-history":[{"count":1,"href":"https:\/\/eldiariodesanpedro.com.ar\/sitio\/wp-json\/wp\/v2\/posts\/35244\/revisions"}],"predecessor-version":[{"id":35246,"href":"https:\/\/eldiariodesanpedro.com.ar\/sitio\/wp-json\/wp\/v2\/posts\/35244\/revisions\/35246"}],"wp:featuredmedia":[{"embeddable":true,"href":"https:\/\/eldiariodesanpedro.com.ar\/sitio\/wp-json\/wp\/v2\/media\/35245"}],"wp:attachment":[{"href":"https:\/\/eldiariodesanpedro.com.ar\/sitio\/wp-json\/wp\/v2\/media?parent=35244"}],"wp:term":[{"taxonomy":"category","embeddable":true,"href":"https:\/\/eldiariodesanpedro.com.ar\/sitio\/wp-json\/wp\/v2\/categories?post=35244"},{"taxonomy":"post_tag","embeddable":true,"href":"https:\/\/eldiariodesanpedro.com.ar\/sitio\/wp-json\/wp\/v2\/tags?post=35244"}],"curies":[{"name":"wp","href":"https:\/\/api.w.org\/{rel}","templated":true}]}}