{"id":35241,"date":"2018-06-22T17:04:50","date_gmt":"2018-06-22T20:04:50","guid":{"rendered":"https:\/\/eldiariodesanpedro.com.ar\/sitio\/?p=35241"},"modified":"2018-06-22T17:04:50","modified_gmt":"2018-06-22T20:04:50","slug":"baradero-fatal-accidente-en-ruta-41-esta-madrugada","status":"publish","type":"post","link":"https:\/\/eldiariodesanpedro.com.ar\/sitio\/baradero-fatal-accidente-en-ruta-41-esta-madrugada\/","title":{"rendered":"BARADERO: Fatal accidente en Ruta 41 esta madrugada"},"content":{"rendered":"<p><!-- VideographyWP Plugin Message: Automatic video embedding prevented by plugin options. --><br \/>\nAlrededor de las 3.25 de este viernes se produjo un accidente en el kil\u00f3metro 323 de la Ruta Provincial N\u00b0 41. El mismo fue entre dos camiones con acoplado y lamentablemente dej\u00f3 una v\u00edctima fatal. El sargento Gabriel Fontanari, del cuerpo de Bomberos, brind\u00f3 los detalles del hecho en Contacto Directo.<\/p>\n<p>El impacto fue entre un Cami\u00f3n Mercedez Benz, conducido por un hombre de 35 a\u00f1os, oriundo de la localidad de Uni\u00f3n, provincia de C\u00f3rdoba y un cami\u00f3n Iveco, guiado por un hombre de 39 a\u00f1os, de Pehuajo.  A consecuencia del choque, el conductor de 35 a\u00f1os perdi\u00f3 la vida en el lugar.<\/p>\n<p>Fontanari cont\u00f3 que cuando fueron alertados, en principio les dijeron que eran tres camiones los involucrados y que aparentemente hab\u00eda una v\u00edctima fatal. \u201cLa confusi\u00f3n se daba porque estaba uno de los chasis volcado en la autopista, pero en realidad eran solamente dos camiones con acoplados\u201d aclar\u00f3.<\/p>\n<p>Al lugar, los bomberos del cuartel central fueron con una unidad de rescate y una de balizamiento . Al llegar, se encontraron con un cami\u00f3n en la banquina con sentido a San Antonio de Areco y un cami\u00f3n con la cabina desprendida al costado con una persona aprisionada en su interior. El SAME constat\u00f3 la muerte de dicho conductor.<\/p>\n<p>\u201cDe ah\u00ed en mas los trabajos nuestros fueron balizar la escena y esperar que llegue la polic\u00eda cient\u00edfica y personal de fiscal\u00eda para hacer la extracci\u00f3n del cuerpo\u201d<\/p>\n<p>El chofer que se trasladaba en el cami\u00f3n Iveco, result\u00f3 ileso. Fontanari explic\u00f3 que fue debido a que el otro \u201cveh\u00edculo impacta en el acoplado a pesar de que fue una colisi\u00f3n frontal\u201d.<\/p>\n<p>Fuente: Tu Linea Directa<\/p>\n","protected":false},"excerpt":{"rendered":"<p>Alrededor de las 3.25 de este viernes se produjo un accidente en el kil\u00f3metro 323 de la Ruta Provincial N\u00b0 41. El mismo fue entre dos camiones con acoplado y lamentablemente dej\u00f3 una v\u00edctima fatal. El sargento Gabriel Fontanari, del cuerpo de Bomberos, brind\u00f3 los detalles del hecho en Contacto Directo. El impacto fue entre [&hellip;]<\/p>\n","protected":false},"author":4,"featured_media":35242,"comment_status":"open","ping_status":"closed","sticky":false,"template":"","format":"standard","meta":{"om_disable_all_campaigns":false,"_jetpack_memberships_contains_paid_content":false,"footnotes":""},"categories":[621],"tags":[],"class_list":["post-35241","post","type-post","status-publish","format-standard","has-post-thumbnail","hentry","category-regionales"],"aioseo_notices":[],"gutentor_comment":0,"jetpack_featured_media_url":"https:\/\/eldiariodesanpedro.com.ar\/sitio\/wp-content\/uploads\/2018\/06\/PAGINA-6-1.jpg","jetpack_shortlink":"https:\/\/wp.me\/p6RhLt-9ap","jetpack_sharing_enabled":true,"_links":{"self":[{"href":"https:\/\/eldiariodesanpedro.com.ar\/sitio\/wp-json\/wp\/v2\/posts\/35241","targetHints":{"allow":["GET"]}}],"collection":[{"href":"https:\/\/eldiariodesanpedro.com.ar\/sitio\/wp-json\/wp\/v2\/posts"}],"about":[{"href":"https:\/\/eldiariodesanpedro.com.ar\/sitio\/wp-json\/wp\/v2\/types\/post"}],"author":[{"embeddable":true,"href":"https:\/\/eldiariodesanpedro.com.ar\/sitio\/wp-json\/wp\/v2\/users\/4"}],"replies":[{"embeddable":true,"href":"https:\/\/eldiariodesanpedro.com.ar\/sitio\/wp-json\/wp\/v2\/comments?post=35241"}],"version-history":[{"count":1,"href":"https:\/\/eldiariodesanpedro.com.ar\/sitio\/wp-json\/wp\/v2\/posts\/35241\/revisions"}],"predecessor-version":[{"id":35243,"href":"https:\/\/eldiariodesanpedro.com.ar\/sitio\/wp-json\/wp\/v2\/posts\/35241\/revisions\/35243"}],"wp:featuredmedia":[{"embeddable":true,"href":"https:\/\/eldiariodesanpedro.com.ar\/sitio\/wp-json\/wp\/v2\/media\/35242"}],"wp:attachment":[{"href":"https:\/\/eldiariodesanpedro.com.ar\/sitio\/wp-json\/wp\/v2\/media?parent=35241"}],"wp:term":[{"taxonomy":"category","embeddable":true,"href":"https:\/\/eldiariodesanpedro.com.ar\/sitio\/wp-json\/wp\/v2\/categories?post=35241"},{"taxonomy":"post_tag","embeddable":true,"href":"https:\/\/eldiariodesanpedro.com.ar\/sitio\/wp-json\/wp\/v2\/tags?post=35241"}],"curies":[{"name":"wp","href":"https:\/\/api.w.org\/{rel}","templated":true}]}}