{"id":35237,"date":"2018-06-22T16:53:25","date_gmt":"2018-06-22T19:53:25","guid":{"rendered":"https:\/\/eldiariodesanpedro.com.ar\/sitio\/?p=35237"},"modified":"2018-06-22T16:53:25","modified_gmt":"2018-06-22T19:53:25","slug":"ramallo-paro-nacional-municipales-docentes-y-medicos-adhieren-este-25-de-junio","status":"publish","type":"post","link":"https:\/\/eldiariodesanpedro.com.ar\/sitio\/ramallo-paro-nacional-municipales-docentes-y-medicos-adhieren-este-25-de-junio\/","title":{"rendered":"RAMALLO: Paro Nacional: Municipales, docentes y m\u00e9dicos adhieren este 25 de junio"},"content":{"rendered":"<p><!-- VideographyWP Plugin Message: Automatic video embedding prevented by plugin options. --><br \/>\nEl pr\u00f3ximo lunes 25 de junio se realizara un paro nacional convocado por la CGT, y dem\u00e1s organizaciones, que tendr\u00e1 gran respuesta en las grandes ciudades.<\/p>\n<p>En Ramallo diferentes gremios ya han dado su apoyo a le medida. En el Palacio Municipal, la atenci\u00f3n se ver\u00e1 reducida, ya que ATE y SOEM adhieren a la medida.<\/p>\n<p>En el Hospital Jos\u00e9 Mar\u00eda Gomendio, los m\u00e9dicos afiliados a Cicop se suman a la protesta y habr\u00e1 atenci\u00f3n solo de urgencias.<\/p>\n<p>En las escuelas, desde Suteba y Udocba se suman a la medida, lo que en algunos establecimientos educativos no habr\u00e1 clases.<\/p>\n<p>Todav\u00eda queda definir la adhesi\u00f3n de los trabajadores del Banco Provincia, si bien la entidad gremial que nuclea a los bancarios adhiere a nivel nacional, en Ramallo todav\u00eda hab\u00eda dudas. El mismo panorama reviste el Banco Naci\u00f3n.<\/p>\n<p>Fuente: Ramallo Informa<\/p>\n","protected":false},"excerpt":{"rendered":"<p>El pr\u00f3ximo lunes 25 de junio se realizara un paro nacional convocado por la CGT, y dem\u00e1s organizaciones, que tendr\u00e1 gran respuesta en las grandes ciudades. En Ramallo diferentes gremios ya han dado su apoyo a le medida. En el Palacio Municipal, la atenci\u00f3n se ver\u00e1 reducida, ya que ATE y SOEM adhieren a la [&hellip;]<\/p>\n","protected":false},"author":4,"featured_media":35238,"comment_status":"open","ping_status":"closed","sticky":false,"template":"","format":"standard","meta":{"om_disable_all_campaigns":false,"_jetpack_memberships_contains_paid_content":false,"footnotes":""},"categories":[621],"tags":[],"class_list":["post-35237","post","type-post","status-publish","format-standard","has-post-thumbnail","hentry","category-regionales"],"aioseo_notices":[],"gutentor_comment":0,"jetpack_featured_media_url":"https:\/\/eldiariodesanpedro.com.ar\/sitio\/wp-content\/uploads\/2018\/06\/paro-850x491.jpg","jetpack_shortlink":"https:\/\/wp.me\/p6RhLt-9al","jetpack_sharing_enabled":true,"_links":{"self":[{"href":"https:\/\/eldiariodesanpedro.com.ar\/sitio\/wp-json\/wp\/v2\/posts\/35237","targetHints":{"allow":["GET"]}}],"collection":[{"href":"https:\/\/eldiariodesanpedro.com.ar\/sitio\/wp-json\/wp\/v2\/posts"}],"about":[{"href":"https:\/\/eldiariodesanpedro.com.ar\/sitio\/wp-json\/wp\/v2\/types\/post"}],"author":[{"embeddable":true,"href":"https:\/\/eldiariodesanpedro.com.ar\/sitio\/wp-json\/wp\/v2\/users\/4"}],"replies":[{"embeddable":true,"href":"https:\/\/eldiariodesanpedro.com.ar\/sitio\/wp-json\/wp\/v2\/comments?post=35237"}],"version-history":[{"count":1,"href":"https:\/\/eldiariodesanpedro.com.ar\/sitio\/wp-json\/wp\/v2\/posts\/35237\/revisions"}],"predecessor-version":[{"id":35239,"href":"https:\/\/eldiariodesanpedro.com.ar\/sitio\/wp-json\/wp\/v2\/posts\/35237\/revisions\/35239"}],"wp:featuredmedia":[{"embeddable":true,"href":"https:\/\/eldiariodesanpedro.com.ar\/sitio\/wp-json\/wp\/v2\/media\/35238"}],"wp:attachment":[{"href":"https:\/\/eldiariodesanpedro.com.ar\/sitio\/wp-json\/wp\/v2\/media?parent=35237"}],"wp:term":[{"taxonomy":"category","embeddable":true,"href":"https:\/\/eldiariodesanpedro.com.ar\/sitio\/wp-json\/wp\/v2\/categories?post=35237"},{"taxonomy":"post_tag","embeddable":true,"href":"https:\/\/eldiariodesanpedro.com.ar\/sitio\/wp-json\/wp\/v2\/tags?post=35237"}],"curies":[{"name":"wp","href":"https:\/\/api.w.org\/{rel}","templated":true}]}}