{"id":35234,"date":"2018-06-22T16:50:20","date_gmt":"2018-06-22T19:50:20","guid":{"rendered":"https:\/\/eldiariodesanpedro.com.ar\/sitio\/?p=35234"},"modified":"2018-06-22T16:50:20","modified_gmt":"2018-06-22T19:50:20","slug":"campana-escandalo-a-bordo-de-un-chevallier-una-pasajera-resulto-golpeada","status":"publish","type":"post","link":"https:\/\/eldiariodesanpedro.com.ar\/sitio\/campana-escandalo-a-bordo-de-un-chevallier-una-pasajera-resulto-golpeada\/","title":{"rendered":"CAMPANA: Esc\u00e1ndalo a bordo de un Chevallier: una pasajera result\u00f3 golpeada"},"content":{"rendered":"<p><!-- VideographyWP Plugin Message: Automatic video embedding prevented by plugin options. --><br \/>\nUna unidad de la empresa Chevallier que hac\u00eda el recorrido Z\u00e1rate \u2013 Once, a la altura de Campana, fue el escenario de un esc\u00e1ndalo este mi\u00e9rcoles pasado.<\/p>\n<p>En el pasaje viajaba un hombre junto a quien despu\u00e9s se identificar\u00eda como su padre y de acuerdo a los testimonios, en determinado sufri\u00f3 una crisis nerviosa y se puso muy alterado.<\/p>\n<p>Una pasajera que estaba cerca, al observar la situaci\u00f3n se asust\u00f3 recibiendo un golpe en el rostro por parte del sujeto. El chofer al advertir el disturbio, detuvo la marcha del transporte y llam\u00f3 al 911.<\/p>\n<p>Varios m\u00f3viles del Comando de Patrulla, arribaron a la intersecci\u00f3n de San Mart\u00edn y Liniers, a los que se sum\u00f3 una unidad de Bomberos Voluntarios, que traslad\u00f3 al irascible pasajero, luego de ser ccontrolado, al Hospital San Jos\u00e9.<\/p>\n<p>Seg\u00fan versiones, sufrir\u00eda de esquizofrenia.<\/p>\n<p>Fuente: Enlace Critico<\/p>\n","protected":false},"excerpt":{"rendered":"<p>Una unidad de la empresa Chevallier que hac\u00eda el recorrido Z\u00e1rate \u2013 Once, a la altura de Campana, fue el escenario de un esc\u00e1ndalo este mi\u00e9rcoles pasado. En el pasaje viajaba un hombre junto a quien despu\u00e9s se identificar\u00eda como su padre y de acuerdo a los testimonios, en determinado sufri\u00f3 una crisis nerviosa y [&hellip;]<\/p>\n","protected":false},"author":4,"featured_media":35235,"comment_status":"open","ping_status":"closed","sticky":false,"template":"","format":"standard","meta":{"om_disable_all_campaigns":false,"_jetpack_memberships_contains_paid_content":false,"footnotes":""},"categories":[621],"tags":[],"class_list":["post-35234","post","type-post","status-publish","format-standard","has-post-thumbnail","hentry","category-regionales"],"aioseo_notices":[],"gutentor_comment":0,"jetpack_featured_media_url":"https:\/\/eldiariodesanpedro.com.ar\/sitio\/wp-content\/uploads\/2018\/06\/20160727_111920_658x400.jpg","jetpack_shortlink":"https:\/\/wp.me\/p6RhLt-9ai","jetpack_sharing_enabled":true,"_links":{"self":[{"href":"https:\/\/eldiariodesanpedro.com.ar\/sitio\/wp-json\/wp\/v2\/posts\/35234","targetHints":{"allow":["GET"]}}],"collection":[{"href":"https:\/\/eldiariodesanpedro.com.ar\/sitio\/wp-json\/wp\/v2\/posts"}],"about":[{"href":"https:\/\/eldiariodesanpedro.com.ar\/sitio\/wp-json\/wp\/v2\/types\/post"}],"author":[{"embeddable":true,"href":"https:\/\/eldiariodesanpedro.com.ar\/sitio\/wp-json\/wp\/v2\/users\/4"}],"replies":[{"embeddable":true,"href":"https:\/\/eldiariodesanpedro.com.ar\/sitio\/wp-json\/wp\/v2\/comments?post=35234"}],"version-history":[{"count":1,"href":"https:\/\/eldiariodesanpedro.com.ar\/sitio\/wp-json\/wp\/v2\/posts\/35234\/revisions"}],"predecessor-version":[{"id":35236,"href":"https:\/\/eldiariodesanpedro.com.ar\/sitio\/wp-json\/wp\/v2\/posts\/35234\/revisions\/35236"}],"wp:featuredmedia":[{"embeddable":true,"href":"https:\/\/eldiariodesanpedro.com.ar\/sitio\/wp-json\/wp\/v2\/media\/35235"}],"wp:attachment":[{"href":"https:\/\/eldiariodesanpedro.com.ar\/sitio\/wp-json\/wp\/v2\/media?parent=35234"}],"wp:term":[{"taxonomy":"category","embeddable":true,"href":"https:\/\/eldiariodesanpedro.com.ar\/sitio\/wp-json\/wp\/v2\/categories?post=35234"},{"taxonomy":"post_tag","embeddable":true,"href":"https:\/\/eldiariodesanpedro.com.ar\/sitio\/wp-json\/wp\/v2\/tags?post=35234"}],"curies":[{"name":"wp","href":"https:\/\/api.w.org\/{rel}","templated":true}]}}