{"id":35202,"date":"2018-06-22T10:37:22","date_gmt":"2018-06-22T13:37:22","guid":{"rendered":"https:\/\/eldiariodesanpedro.com.ar\/sitio\/?p=35202"},"modified":"2018-06-22T10:37:22","modified_gmt":"2018-06-22T13:37:22","slug":"un-bidon-con-combustible-provoco-el-incendio-en-una-vivienda","status":"publish","type":"post","link":"https:\/\/eldiariodesanpedro.com.ar\/sitio\/un-bidon-con-combustible-provoco-el-incendio-en-una-vivienda\/","title":{"rendered":"Un bid\u00f3n con combustible provoc\u00f3 el incendio en una vivienda"},"content":{"rendered":"<p><!-- VideographyWP Plugin Message: Automatic video embedding prevented by plugin options. --><br \/>\nLa presencia de un bid\u00f3n conteniendo combustible en el interior de una vivienda provoc\u00f3 un incendio que en parte fue dominado r\u00e1pidamente por los due\u00f1os del lugar y vecinos. <\/p>\n<p>Sucedi\u00f3 sobre el atardecer del jueves alrededor de las 19:00 hs en una vivienda de la calle Gral. Pueyrred\u00f3n 1240. Si bien el siniestro no se generaliz\u00f3 hacia el resto de la vivienda provoc\u00f3 la alarma entre los habitantes del lugar y vecinos que utilizando extinguidores lograron apagarlo mientras arribaban los Bomberos Voluntarios al lugar.<\/p>\n<p>M\u00e1s all\u00e1 de la importante cantidad de humo no se produjeron grandes p\u00e9rdidas, de todos modos el personal del servicio Same debi\u00f3 asistir a una ni\u00f1a que sufri\u00f3 una peque\u00f1a quemadura y a un hombre que hab\u00eda inhalado humo.   <\/p>\n<p>Fuente: San Pedro Informa<\/p>\n","protected":false},"excerpt":{"rendered":"<p>La presencia de un bid\u00f3n conteniendo combustible en el interior de una vivienda provoc\u00f3 un incendio que en parte fue dominado r\u00e1pidamente por los due\u00f1os del lugar y vecinos. Sucedi\u00f3 sobre el atardecer del jueves alrededor de las 19:00 hs en una vivienda de la calle Gral. Pueyrred\u00f3n 1240. Si bien el siniestro no se [&hellip;]<\/p>\n","protected":false},"author":4,"featured_media":35192,"comment_status":"open","ping_status":"closed","sticky":false,"template":"","format":"standard","meta":{"om_disable_all_campaigns":false,"_jetpack_memberships_contains_paid_content":false,"footnotes":""},"categories":[2,103],"tags":[],"class_list":["post-35202","post","type-post","status-publish","format-standard","has-post-thumbnail","hentry","category-locales","category-policiales-locales"],"aioseo_notices":[],"gutentor_comment":0,"jetpack_featured_media_url":"https:\/\/eldiariodesanpedro.com.ar\/sitio\/wp-content\/uploads\/2018\/06\/20180621_191340-e1529674603994.jpg","jetpack_shortlink":"https:\/\/wp.me\/p6RhLt-99M","jetpack_sharing_enabled":true,"_links":{"self":[{"href":"https:\/\/eldiariodesanpedro.com.ar\/sitio\/wp-json\/wp\/v2\/posts\/35202","targetHints":{"allow":["GET"]}}],"collection":[{"href":"https:\/\/eldiariodesanpedro.com.ar\/sitio\/wp-json\/wp\/v2\/posts"}],"about":[{"href":"https:\/\/eldiariodesanpedro.com.ar\/sitio\/wp-json\/wp\/v2\/types\/post"}],"author":[{"embeddable":true,"href":"https:\/\/eldiariodesanpedro.com.ar\/sitio\/wp-json\/wp\/v2\/users\/4"}],"replies":[{"embeddable":true,"href":"https:\/\/eldiariodesanpedro.com.ar\/sitio\/wp-json\/wp\/v2\/comments?post=35202"}],"version-history":[{"count":1,"href":"https:\/\/eldiariodesanpedro.com.ar\/sitio\/wp-json\/wp\/v2\/posts\/35202\/revisions"}],"predecessor-version":[{"id":35203,"href":"https:\/\/eldiariodesanpedro.com.ar\/sitio\/wp-json\/wp\/v2\/posts\/35202\/revisions\/35203"}],"wp:featuredmedia":[{"embeddable":true,"href":"https:\/\/eldiariodesanpedro.com.ar\/sitio\/wp-json\/wp\/v2\/media\/35192"}],"wp:attachment":[{"href":"https:\/\/eldiariodesanpedro.com.ar\/sitio\/wp-json\/wp\/v2\/media?parent=35202"}],"wp:term":[{"taxonomy":"category","embeddable":true,"href":"https:\/\/eldiariodesanpedro.com.ar\/sitio\/wp-json\/wp\/v2\/categories?post=35202"},{"taxonomy":"post_tag","embeddable":true,"href":"https:\/\/eldiariodesanpedro.com.ar\/sitio\/wp-json\/wp\/v2\/tags?post=35202"}],"curies":[{"name":"wp","href":"https:\/\/api.w.org\/{rel}","templated":true}]}}