{"id":35187,"date":"2018-06-22T09:58:30","date_gmt":"2018-06-22T12:58:30","guid":{"rendered":"https:\/\/eldiariodesanpedro.com.ar\/sitio\/?p=35187"},"modified":"2018-06-22T09:58:30","modified_gmt":"2018-06-22T12:58:30","slug":"sabado-y-domingo-fiesta-de-san-juan-en-agrupacion-mallorca","status":"publish","type":"post","link":"https:\/\/eldiariodesanpedro.com.ar\/sitio\/sabado-y-domingo-fiesta-de-san-juan-en-agrupacion-mallorca\/","title":{"rendered":"S\u00e1bado y Domingo Fiesta de San Juan en Agrupaci\u00f3n Mallorca"},"content":{"rendered":"<p><!-- VideographyWP Plugin Message: Automatic video embedding prevented by plugin options. --><br \/>\nEste fin de semana en el predio de Agrupaci\u00f3n Mallorca al pie de las barrancas tendr\u00e1 lugar una nueva edici\u00f3n de la caracter\u00edstica fiesta organizada desde hace a\u00f1os junto a la Municipalidad de San Pedro a trav\u00e9s de la Direcci\u00f3n de Cultura.<br \/>\nEste a\u00f1o la propuesta se concentrar\u00e1 en las instalaciones de la agrupaci\u00f3n  con una combinaci\u00f3n de arte, gastronom\u00eda y entretenimiento con entrada libre y gratuita para toda la familia.<\/p>\n<p>Programaci\u00f3n<br \/>\nS\u00e1bado 23 de Junio<br \/>\n11:00hs. Apertura de la feria de artesanos locales y  de cantina con comidas t\u00edpicas Baleares.<br \/>\n14:30hs. Petitons Mallorquins (bailes t\u00edpicos).<br \/>\n15:00hs. Taller de narraci\u00f3n para ni\u00f1os a cargo de Mirta Mantovani<br \/>\n16:00hs. Taller literario a cargo de Jorge Sagrera<br \/>\n16:00hs. Taller de confecci\u00f3n  de peque\u00f1os demonios para ni\u00f1os<br \/>\n17:00hs. Taller de catal\u00e1n a cargo de Juan Gabriel Marelli<br \/>\n17:50Hs. Fent Polseguera (bailes t\u00edpicos).<br \/>\n18:00hs. Proyecci\u00f3n de la pel\u00edcula espa\u00f1ola \u201cEl Perfecto Desconocido\u201d<\/p>\n<p>Domingo 24 de Junio<br \/>\n11:00hs. Apertura de la feria de artesanos locales y  de cantina con comidas t\u00edpicas Baleares.<br \/>\nDe 14 a 18 Hs. Grilla art\u00edstica y bailes t\u00edpicos con la actuaci\u00f3n de, Rocio Guilmen, Valentina Burgue\u00f1o, Braian V\u00e1zquez , Joselito Fermani, Fent Polseguera y Petitons mallorquins.<br \/>\n18:00hs. Quema del Demonio<\/p>\n<p><iframe data-src=\"https:\/\/www.facebook.com\/plugins\/video.php?href=https%3A%2F%2Fwww.facebook.com%2Feldiario.desanpedro%2Fvideos%2F786593214883153%2F&#038;show_text=0&#038;width=560\" width=\"560\" height=\"315\" style=\"border:none;overflow:hidden\" scrolling=\"no\" frameborder=\"0\" allowTransparency=\"true\" allowFullScreen=\"true\" src=\"data:image\/svg+xml;base64,PHN2ZyB3aWR0aD0iMSIgaGVpZ2h0PSIxIiB4bWxucz0iaHR0cDovL3d3dy53My5vcmcvMjAwMC9zdmciPjwvc3ZnPg==\" class=\"lazyload\" data-load-mode=\"1\"><\/iframe><\/p>\n","protected":false},"excerpt":{"rendered":"<p>Este fin de semana en el predio de Agrupaci\u00f3n Mallorca al pie de las barrancas tendr\u00e1 lugar una nueva edici\u00f3n de la caracter\u00edstica fiesta organizada desde hace a\u00f1os junto a la Municipalidad de San Pedro a trav\u00e9s de la Direcci\u00f3n de Cultura. Este a\u00f1o la propuesta se concentrar\u00e1 en las instalaciones de la agrupaci\u00f3n con [&hellip;]<\/p>\n","protected":false},"author":4,"featured_media":19832,"comment_status":"open","ping_status":"closed","sticky":false,"template":"","format":"standard","meta":{"om_disable_all_campaigns":false,"_jetpack_memberships_contains_paid_content":false,"footnotes":""},"categories":[50,101,2],"tags":[],"class_list":["post-35187","post","type-post","status-publish","format-standard","has-post-thumbnail","hentry","category-destacadas","category-interes-general-locales","category-locales"],"aioseo_notices":[],"gutentor_comment":0,"jetpack_featured_media_url":"https:\/\/eldiariodesanpedro.com.ar\/sitio\/wp-content\/uploads\/2017\/06\/quema-del-demonio.jpg","jetpack_shortlink":"https:\/\/wp.me\/p6RhLt-99x","jetpack_sharing_enabled":true,"_links":{"self":[{"href":"https:\/\/eldiariodesanpedro.com.ar\/sitio\/wp-json\/wp\/v2\/posts\/35187","targetHints":{"allow":["GET"]}}],"collection":[{"href":"https:\/\/eldiariodesanpedro.com.ar\/sitio\/wp-json\/wp\/v2\/posts"}],"about":[{"href":"https:\/\/eldiariodesanpedro.com.ar\/sitio\/wp-json\/wp\/v2\/types\/post"}],"author":[{"embeddable":true,"href":"https:\/\/eldiariodesanpedro.com.ar\/sitio\/wp-json\/wp\/v2\/users\/4"}],"replies":[{"embeddable":true,"href":"https:\/\/eldiariodesanpedro.com.ar\/sitio\/wp-json\/wp\/v2\/comments?post=35187"}],"version-history":[{"count":1,"href":"https:\/\/eldiariodesanpedro.com.ar\/sitio\/wp-json\/wp\/v2\/posts\/35187\/revisions"}],"predecessor-version":[{"id":35194,"href":"https:\/\/eldiariodesanpedro.com.ar\/sitio\/wp-json\/wp\/v2\/posts\/35187\/revisions\/35194"}],"wp:featuredmedia":[{"embeddable":true,"href":"https:\/\/eldiariodesanpedro.com.ar\/sitio\/wp-json\/wp\/v2\/media\/19832"}],"wp:attachment":[{"href":"https:\/\/eldiariodesanpedro.com.ar\/sitio\/wp-json\/wp\/v2\/media?parent=35187"}],"wp:term":[{"taxonomy":"category","embeddable":true,"href":"https:\/\/eldiariodesanpedro.com.ar\/sitio\/wp-json\/wp\/v2\/categories?post=35187"},{"taxonomy":"post_tag","embeddable":true,"href":"https:\/\/eldiariodesanpedro.com.ar\/sitio\/wp-json\/wp\/v2\/tags?post=35187"}],"curies":[{"name":"wp","href":"https:\/\/api.w.org\/{rel}","templated":true}]}}