{"id":35181,"date":"2018-06-22T09:53:18","date_gmt":"2018-06-22T12:53:18","guid":{"rendered":"https:\/\/eldiariodesanpedro.com.ar\/sitio\/?p=35181"},"modified":"2018-06-22T09:53:18","modified_gmt":"2018-06-22T12:53:18","slug":"la-oficina-de-empleo-mas-cerca","status":"publish","type":"post","link":"https:\/\/eldiariodesanpedro.com.ar\/sitio\/la-oficina-de-empleo-mas-cerca\/","title":{"rendered":"La Oficina de Empleo m\u00e1s cerca"},"content":{"rendered":"<p><!-- VideographyWP Plugin Message: Automatic video embedding prevented by plugin options. --><br \/>\nEl mi\u00e9rcoles 27 de junio la Oficina de Empleo junto a la Secretar\u00eda de Desarrollo Humano, estar\u00e1n trabajando en la Sede Envi\u00f3n de Depietri para asesorar a los vecinos del barrio que se quieran acercar a recibir informaci\u00f3n de c\u00f3mo hacer tu Curriculum Vitae, c\u00f3mo se desarrolla una entrevista laboral, entre otras inquietudes que se presenten.<\/p>\n","protected":false},"excerpt":{"rendered":"<p>El mi\u00e9rcoles 27 de junio la Oficina de Empleo junto a la Secretar\u00eda de Desarrollo Humano, estar\u00e1n trabajando en la Sede Envi\u00f3n de Depietri para asesorar a los vecinos del barrio que se quieran acercar a recibir informaci\u00f3n de c\u00f3mo hacer tu Curriculum Vitae, c\u00f3mo se desarrolla una entrevista laboral, entre otras inquietudes que se [&hellip;]<\/p>\n","protected":false},"author":4,"featured_media":35182,"comment_status":"open","ping_status":"closed","sticky":false,"template":"","format":"standard","meta":{"om_disable_all_campaigns":false,"_jetpack_memberships_contains_paid_content":false,"footnotes":""},"categories":[101,2],"tags":[],"class_list":["post-35181","post","type-post","status-publish","format-standard","has-post-thumbnail","hentry","category-interes-general-locales","category-locales"],"aioseo_notices":[],"gutentor_comment":0,"jetpack_featured_media_url":"https:\/\/eldiariodesanpedro.com.ar\/sitio\/wp-content\/uploads\/2018\/06\/unnamed-3.png","jetpack_shortlink":"https:\/\/wp.me\/p6RhLt-99r","jetpack_sharing_enabled":true,"_links":{"self":[{"href":"https:\/\/eldiariodesanpedro.com.ar\/sitio\/wp-json\/wp\/v2\/posts\/35181","targetHints":{"allow":["GET"]}}],"collection":[{"href":"https:\/\/eldiariodesanpedro.com.ar\/sitio\/wp-json\/wp\/v2\/posts"}],"about":[{"href":"https:\/\/eldiariodesanpedro.com.ar\/sitio\/wp-json\/wp\/v2\/types\/post"}],"author":[{"embeddable":true,"href":"https:\/\/eldiariodesanpedro.com.ar\/sitio\/wp-json\/wp\/v2\/users\/4"}],"replies":[{"embeddable":true,"href":"https:\/\/eldiariodesanpedro.com.ar\/sitio\/wp-json\/wp\/v2\/comments?post=35181"}],"version-history":[{"count":1,"href":"https:\/\/eldiariodesanpedro.com.ar\/sitio\/wp-json\/wp\/v2\/posts\/35181\/revisions"}],"predecessor-version":[{"id":35183,"href":"https:\/\/eldiariodesanpedro.com.ar\/sitio\/wp-json\/wp\/v2\/posts\/35181\/revisions\/35183"}],"wp:featuredmedia":[{"embeddable":true,"href":"https:\/\/eldiariodesanpedro.com.ar\/sitio\/wp-json\/wp\/v2\/media\/35182"}],"wp:attachment":[{"href":"https:\/\/eldiariodesanpedro.com.ar\/sitio\/wp-json\/wp\/v2\/media?parent=35181"}],"wp:term":[{"taxonomy":"category","embeddable":true,"href":"https:\/\/eldiariodesanpedro.com.ar\/sitio\/wp-json\/wp\/v2\/categories?post=35181"},{"taxonomy":"post_tag","embeddable":true,"href":"https:\/\/eldiariodesanpedro.com.ar\/sitio\/wp-json\/wp\/v2\/tags?post=35181"}],"curies":[{"name":"wp","href":"https:\/\/api.w.org\/{rel}","templated":true}]}}