{"id":35178,"date":"2018-06-22T09:50:56","date_gmt":"2018-06-22T12:50:56","guid":{"rendered":"https:\/\/eldiariodesanpedro.com.ar\/sitio\/?p=35178"},"modified":"2018-06-22T09:50:56","modified_gmt":"2018-06-22T12:50:56","slug":"rumbo-a-los-regionales-de-los-bonaerenses","status":"publish","type":"post","link":"https:\/\/eldiariodesanpedro.com.ar\/sitio\/rumbo-a-los-regionales-de-los-bonaerenses\/","title":{"rendered":"Rumbo a los Regionales de los Bonaerenses"},"content":{"rendered":"<p><!-- VideographyWP Plugin Message: Automatic video embedding prevented by plugin options. --><br \/>\nTras la jornada de atletismo local disputada este jueves por la ma\u00f1ana en el Estadio Municipal, s\u00f3lo resta definir los resultados de f\u00fatbol 11 para determinar los clasificados para la Etapa Regional de los Torneos Bonaerenses. Con absoluta normalidad y un gran entusiasmo todos los deportes tuvieron sus encuentros distritales y en casi todas las disciplinas San Pedro estar\u00e1 representado en la etapa siguiente, camino a la final Provincial en Mar del Plata. El pr\u00f3ximo martes en Pergamino y Ramallo comenzar\u00e1n los regionales con b\u00e1squetbol.<\/p>\n<p>Los Abuelos tambi\u00e9n cumplieron con las disciplinas previstas, continuando con las que vienen siendo incluidas en las ediciones anteriores y algunas nuevas como Pentatl\u00f3n o Coreograf\u00eda Pop.<\/p>\n","protected":false},"excerpt":{"rendered":"<p>Tras la jornada de atletismo local disputada este jueves por la ma\u00f1ana en el Estadio Municipal, s\u00f3lo resta definir los resultados de f\u00fatbol 11 para determinar los clasificados para la Etapa Regional de los Torneos Bonaerenses. Con absoluta normalidad y un gran entusiasmo todos los deportes tuvieron sus encuentros distritales y en casi todas las [&hellip;]<\/p>\n","protected":false},"author":4,"featured_media":35179,"comment_status":"open","ping_status":"closed","sticky":false,"template":"","format":"standard","meta":{"om_disable_all_campaigns":false,"_jetpack_memberships_contains_paid_content":false,"footnotes":""},"categories":[101,2],"tags":[],"class_list":["post-35178","post","type-post","status-publish","format-standard","has-post-thumbnail","hentry","category-interes-general-locales","category-locales"],"aioseo_notices":[],"gutentor_comment":0,"jetpack_featured_media_url":"https:\/\/eldiariodesanpedro.com.ar\/sitio\/wp-content\/uploads\/2018\/06\/unnamed-2-1.jpg","jetpack_shortlink":"https:\/\/wp.me\/p6RhLt-99o","jetpack_sharing_enabled":true,"_links":{"self":[{"href":"https:\/\/eldiariodesanpedro.com.ar\/sitio\/wp-json\/wp\/v2\/posts\/35178","targetHints":{"allow":["GET"]}}],"collection":[{"href":"https:\/\/eldiariodesanpedro.com.ar\/sitio\/wp-json\/wp\/v2\/posts"}],"about":[{"href":"https:\/\/eldiariodesanpedro.com.ar\/sitio\/wp-json\/wp\/v2\/types\/post"}],"author":[{"embeddable":true,"href":"https:\/\/eldiariodesanpedro.com.ar\/sitio\/wp-json\/wp\/v2\/users\/4"}],"replies":[{"embeddable":true,"href":"https:\/\/eldiariodesanpedro.com.ar\/sitio\/wp-json\/wp\/v2\/comments?post=35178"}],"version-history":[{"count":1,"href":"https:\/\/eldiariodesanpedro.com.ar\/sitio\/wp-json\/wp\/v2\/posts\/35178\/revisions"}],"predecessor-version":[{"id":35180,"href":"https:\/\/eldiariodesanpedro.com.ar\/sitio\/wp-json\/wp\/v2\/posts\/35178\/revisions\/35180"}],"wp:featuredmedia":[{"embeddable":true,"href":"https:\/\/eldiariodesanpedro.com.ar\/sitio\/wp-json\/wp\/v2\/media\/35179"}],"wp:attachment":[{"href":"https:\/\/eldiariodesanpedro.com.ar\/sitio\/wp-json\/wp\/v2\/media?parent=35178"}],"wp:term":[{"taxonomy":"category","embeddable":true,"href":"https:\/\/eldiariodesanpedro.com.ar\/sitio\/wp-json\/wp\/v2\/categories?post=35178"},{"taxonomy":"post_tag","embeddable":true,"href":"https:\/\/eldiariodesanpedro.com.ar\/sitio\/wp-json\/wp\/v2\/tags?post=35178"}],"curies":[{"name":"wp","href":"https:\/\/api.w.org\/{rel}","templated":true}]}}