{"id":35170,"date":"2018-06-22T09:44:36","date_gmt":"2018-06-22T12:44:36","guid":{"rendered":"https:\/\/eldiariodesanpedro.com.ar\/sitio\/?p=35170"},"modified":"2018-06-22T09:44:36","modified_gmt":"2018-06-22T12:44:36","slug":"el-grupo-tupa-ex-trio-laurel-cerrara-la-2-fiesta-de-la-naranja-de-ombligo","status":"publish","type":"post","link":"https:\/\/eldiariodesanpedro.com.ar\/sitio\/el-grupo-tupa-ex-trio-laurel-cerrara-la-2-fiesta-de-la-naranja-de-ombligo\/","title":{"rendered":"El grupo TUPA (Ex Tr\u00edo Laurel) cerrar\u00e1 la 2\u00b0 Fiesta de la Naranja de Ombligo"},"content":{"rendered":"<p><!-- VideographyWP Plugin Message: Automatic video embedding prevented by plugin options. --><br \/>\nEl fin de semana del 21 y 22 de Julio, en la Plazoleta Fray Cayetano Rodr\u00edguez, San Pedro volver\u00e1 a ofrecer color y aroma caracter\u00edsticos de una fruta que es emblema de la producci\u00f3n frut\u00edcola de la regi\u00f3n a trav\u00e9s de los tiempos.<\/p>\n<p>La 2\u00b0 edici\u00f3n de la Fiesta de la Naranja de Ombligo reunir\u00e1 a productores, emprendedores y feriantes, esperando contar con el acompa\u00f1amiento de toda la comunidad y de turistas que llegar\u00e1n desde diferentes puntos del pa\u00eds.<\/p>\n<p>Tomando como base el \u00e9xito de la primera edici\u00f3n y sumando nuevas variantes, el evento que coincide con el fin de semana intermedio de las vacaciones de invierno, contar\u00e1 este a\u00f1o con la participaci\u00f3n del grupo TUPA (Ex Tr\u00edo Laurel) para un show humor\u00edstico-musical. Esta novedad ha sido posible gracias a la respuesta favorable recibida desde la Secretar\u00eda de Cultura de la Provincia de Buenos Aires a partir de gestiones de la Municipalidad.<\/p>\n<p>Como en la primera edici\u00f3n, por la que pasaron aproximadamente 5000 personas, la agenda incluir\u00e1 actividades profesionales para continuar con las propuestas lanzadas en 2017.<\/p>\n<p>La organizaci\u00f3n corre por cuenta de la Municipalidad de San Pedro a trav\u00e9s de la Direcci\u00f3n de Turismo y la Direcci\u00f3n de Cultura, la Coordinaci\u00f3n de Producci\u00f3n, CAPROEM (C\u00e1mara de Productores y Empacadores del Noreste Bonaerense), SEDA (Sindicato de Embaladores y Descartadores), INTA San Pedro, C\u00e1mara de Viveristas y UATRE ( La Uni\u00f3n Argentina de Trabajadores Rurales y Estibadores) . En tanto se vaya acercando la fecha se dar\u00e1n a conocer mayores detalles sobre la programaci\u00f3n prevista para las dos jornadas.<\/p>\n","protected":false},"excerpt":{"rendered":"<p>El fin de semana del 21 y 22 de Julio, en la Plazoleta Fray Cayetano Rodr\u00edguez, San Pedro volver\u00e1 a ofrecer color y aroma caracter\u00edsticos de una fruta que es emblema de la producci\u00f3n frut\u00edcola de la regi\u00f3n a trav\u00e9s de los tiempos. La 2\u00b0 edici\u00f3n de la Fiesta de la Naranja de Ombligo reunir\u00e1 [&hellip;]<\/p>\n","protected":false},"author":4,"featured_media":35171,"comment_status":"open","ping_status":"closed","sticky":false,"template":"","format":"standard","meta":{"om_disable_all_campaigns":false,"_jetpack_memberships_contains_paid_content":false,"footnotes":""},"categories":[101,2],"tags":[],"class_list":["post-35170","post","type-post","status-publish","format-standard","has-post-thumbnail","hentry","category-interes-general-locales","category-locales"],"aioseo_notices":[],"gutentor_comment":0,"jetpack_featured_media_url":"https:\/\/eldiariodesanpedro.com.ar\/sitio\/wp-content\/uploads\/2018\/06\/unnamed-5.jpg","jetpack_shortlink":"https:\/\/wp.me\/p6RhLt-99g","jetpack_sharing_enabled":true,"_links":{"self":[{"href":"https:\/\/eldiariodesanpedro.com.ar\/sitio\/wp-json\/wp\/v2\/posts\/35170","targetHints":{"allow":["GET"]}}],"collection":[{"href":"https:\/\/eldiariodesanpedro.com.ar\/sitio\/wp-json\/wp\/v2\/posts"}],"about":[{"href":"https:\/\/eldiariodesanpedro.com.ar\/sitio\/wp-json\/wp\/v2\/types\/post"}],"author":[{"embeddable":true,"href":"https:\/\/eldiariodesanpedro.com.ar\/sitio\/wp-json\/wp\/v2\/users\/4"}],"replies":[{"embeddable":true,"href":"https:\/\/eldiariodesanpedro.com.ar\/sitio\/wp-json\/wp\/v2\/comments?post=35170"}],"version-history":[{"count":1,"href":"https:\/\/eldiariodesanpedro.com.ar\/sitio\/wp-json\/wp\/v2\/posts\/35170\/revisions"}],"predecessor-version":[{"id":35173,"href":"https:\/\/eldiariodesanpedro.com.ar\/sitio\/wp-json\/wp\/v2\/posts\/35170\/revisions\/35173"}],"wp:featuredmedia":[{"embeddable":true,"href":"https:\/\/eldiariodesanpedro.com.ar\/sitio\/wp-json\/wp\/v2\/media\/35171"}],"wp:attachment":[{"href":"https:\/\/eldiariodesanpedro.com.ar\/sitio\/wp-json\/wp\/v2\/media?parent=35170"}],"wp:term":[{"taxonomy":"category","embeddable":true,"href":"https:\/\/eldiariodesanpedro.com.ar\/sitio\/wp-json\/wp\/v2\/categories?post=35170"},{"taxonomy":"post_tag","embeddable":true,"href":"https:\/\/eldiariodesanpedro.com.ar\/sitio\/wp-json\/wp\/v2\/tags?post=35170"}],"curies":[{"name":"wp","href":"https:\/\/api.w.org\/{rel}","templated":true}]}}