{"id":35168,"date":"2018-06-22T09:40:06","date_gmt":"2018-06-22T12:40:06","guid":{"rendered":"https:\/\/eldiariodesanpedro.com.ar\/sitio\/?p=35168"},"modified":"2018-06-22T09:40:06","modified_gmt":"2018-06-22T12:40:06","slug":"le-robaron-las-dos-ruedas-del-camion","status":"publish","type":"post","link":"https:\/\/eldiariodesanpedro.com.ar\/sitio\/le-robaron-las-dos-ruedas-del-camion\/","title":{"rendered":"Le robaron las dos ruedas del cami\u00f3n"},"content":{"rendered":"<p><!-- VideographyWP Plugin Message: Automatic video embedding prevented by plugin options. --><br \/>\nEsta madrugada delincuentes que ingresaron a la playa de camiones de la estaci\u00f3n de servicio sita en calle Crucero Gral. Belgrano, sustrajeron las dos ruedas de la batea de un cami\u00f3n.<\/p>\n<p>El ciudadano que conduce el rodado denunci\u00f3 en la dependencia local y dice no haber visto a los malvivientes y no haber testigos del hecho.<\/p>\n","protected":false},"excerpt":{"rendered":"<p>Esta madrugada delincuentes que ingresaron a la playa de camiones de la estaci\u00f3n de servicio sita en calle Crucero Gral. Belgrano, sustrajeron las dos ruedas de la batea de un cami\u00f3n. El ciudadano que conduce el rodado denunci\u00f3 en la dependencia local y dice no haber visto a los malvivientes y no haber testigos del [&hellip;]<\/p>\n","protected":false},"author":4,"featured_media":35169,"comment_status":"open","ping_status":"closed","sticky":false,"template":"","format":"standard","meta":{"om_disable_all_campaigns":false,"_jetpack_memberships_contains_paid_content":false,"footnotes":""},"categories":[2,103],"tags":[],"class_list":["post-35168","post","type-post","status-publish","format-standard","has-post-thumbnail","hentry","category-locales","category-policiales-locales"],"aioseo_notices":[],"gutentor_comment":0,"jetpack_featured_media_url":"https:\/\/eldiariodesanpedro.com.ar\/sitio\/wp-content\/uploads\/2018\/06\/petrobras.jpg","jetpack_shortlink":"https:\/\/wp.me\/p6RhLt-99e","jetpack_sharing_enabled":true,"_links":{"self":[{"href":"https:\/\/eldiariodesanpedro.com.ar\/sitio\/wp-json\/wp\/v2\/posts\/35168","targetHints":{"allow":["GET"]}}],"collection":[{"href":"https:\/\/eldiariodesanpedro.com.ar\/sitio\/wp-json\/wp\/v2\/posts"}],"about":[{"href":"https:\/\/eldiariodesanpedro.com.ar\/sitio\/wp-json\/wp\/v2\/types\/post"}],"author":[{"embeddable":true,"href":"https:\/\/eldiariodesanpedro.com.ar\/sitio\/wp-json\/wp\/v2\/users\/4"}],"replies":[{"embeddable":true,"href":"https:\/\/eldiariodesanpedro.com.ar\/sitio\/wp-json\/wp\/v2\/comments?post=35168"}],"version-history":[{"count":1,"href":"https:\/\/eldiariodesanpedro.com.ar\/sitio\/wp-json\/wp\/v2\/posts\/35168\/revisions"}],"predecessor-version":[{"id":35172,"href":"https:\/\/eldiariodesanpedro.com.ar\/sitio\/wp-json\/wp\/v2\/posts\/35168\/revisions\/35172"}],"wp:featuredmedia":[{"embeddable":true,"href":"https:\/\/eldiariodesanpedro.com.ar\/sitio\/wp-json\/wp\/v2\/media\/35169"}],"wp:attachment":[{"href":"https:\/\/eldiariodesanpedro.com.ar\/sitio\/wp-json\/wp\/v2\/media?parent=35168"}],"wp:term":[{"taxonomy":"category","embeddable":true,"href":"https:\/\/eldiariodesanpedro.com.ar\/sitio\/wp-json\/wp\/v2\/categories?post=35168"},{"taxonomy":"post_tag","embeddable":true,"href":"https:\/\/eldiariodesanpedro.com.ar\/sitio\/wp-json\/wp\/v2\/tags?post=35168"}],"curies":[{"name":"wp","href":"https:\/\/api.w.org\/{rel}","templated":true}]}}