{"id":35165,"date":"2018-06-22T09:26:03","date_gmt":"2018-06-22T12:26:03","guid":{"rendered":"https:\/\/eldiariodesanpedro.com.ar\/sitio\/?p=35165"},"modified":"2018-06-22T09:26:03","modified_gmt":"2018-06-22T12:26:03","slug":"roban-cerraduras-de-boveda-en-el-cementerio-local","status":"publish","type":"post","link":"https:\/\/eldiariodesanpedro.com.ar\/sitio\/roban-cerraduras-de-boveda-en-el-cementerio-local\/","title":{"rendered":"Roban cerraduras de b\u00f3veda en el Cementerio Local"},"content":{"rendered":"<p><!-- VideographyWP Plugin Message: Automatic video embedding prevented by plugin options. --><br \/>\nEsta ma\u00f1ana, alrededor de las 8:00hs un ciudadano denunci\u00f3 en la dependencia local, que resulta ser el encargado del Cementerio de nuestra ciudad sito en calle San Mart\u00edn S\/N que tras su recorrida por el lugar constat\u00f3 que malvivientes hab\u00edan sustra\u00eddo cerraduras de algunas b\u00f3vedas y la puerta de otra.<\/p>\n<p>Se desconoce desde cuando faltan los elementos mencionados.<\/p>\n","protected":false},"excerpt":{"rendered":"<p>Esta ma\u00f1ana, alrededor de las 8:00hs un ciudadano denunci\u00f3 en la dependencia local, que resulta ser el encargado del Cementerio de nuestra ciudad sito en calle San Mart\u00edn S\/N que tras su recorrida por el lugar constat\u00f3 que malvivientes hab\u00edan sustra\u00eddo cerraduras de algunas b\u00f3vedas y la puerta de otra. Se desconoce desde cuando faltan [&hellip;]<\/p>\n","protected":false},"author":4,"featured_media":35166,"comment_status":"open","ping_status":"closed","sticky":false,"template":"","format":"standard","meta":{"om_disable_all_campaigns":false,"_jetpack_memberships_contains_paid_content":false,"footnotes":""},"categories":[2,103],"tags":[],"class_list":["post-35165","post","type-post","status-publish","format-standard","has-post-thumbnail","hentry","category-locales","category-policiales-locales"],"aioseo_notices":[],"gutentor_comment":0,"jetpack_featured_media_url":"https:\/\/eldiariodesanpedro.com.ar\/sitio\/wp-content\/uploads\/2018\/06\/cementerio-bs-as.jpg","jetpack_shortlink":"https:\/\/wp.me\/p6RhLt-99b","jetpack_sharing_enabled":true,"_links":{"self":[{"href":"https:\/\/eldiariodesanpedro.com.ar\/sitio\/wp-json\/wp\/v2\/posts\/35165","targetHints":{"allow":["GET"]}}],"collection":[{"href":"https:\/\/eldiariodesanpedro.com.ar\/sitio\/wp-json\/wp\/v2\/posts"}],"about":[{"href":"https:\/\/eldiariodesanpedro.com.ar\/sitio\/wp-json\/wp\/v2\/types\/post"}],"author":[{"embeddable":true,"href":"https:\/\/eldiariodesanpedro.com.ar\/sitio\/wp-json\/wp\/v2\/users\/4"}],"replies":[{"embeddable":true,"href":"https:\/\/eldiariodesanpedro.com.ar\/sitio\/wp-json\/wp\/v2\/comments?post=35165"}],"version-history":[{"count":1,"href":"https:\/\/eldiariodesanpedro.com.ar\/sitio\/wp-json\/wp\/v2\/posts\/35165\/revisions"}],"predecessor-version":[{"id":35167,"href":"https:\/\/eldiariodesanpedro.com.ar\/sitio\/wp-json\/wp\/v2\/posts\/35165\/revisions\/35167"}],"wp:featuredmedia":[{"embeddable":true,"href":"https:\/\/eldiariodesanpedro.com.ar\/sitio\/wp-json\/wp\/v2\/media\/35166"}],"wp:attachment":[{"href":"https:\/\/eldiariodesanpedro.com.ar\/sitio\/wp-json\/wp\/v2\/media?parent=35165"}],"wp:term":[{"taxonomy":"category","embeddable":true,"href":"https:\/\/eldiariodesanpedro.com.ar\/sitio\/wp-json\/wp\/v2\/categories?post=35165"},{"taxonomy":"post_tag","embeddable":true,"href":"https:\/\/eldiariodesanpedro.com.ar\/sitio\/wp-json\/wp\/v2\/tags?post=35165"}],"curies":[{"name":"wp","href":"https:\/\/api.w.org\/{rel}","templated":true}]}}