{"id":35157,"date":"2018-06-22T09:09:10","date_gmt":"2018-06-22T12:09:10","guid":{"rendered":"https:\/\/eldiariodesanpedro.com.ar\/sitio\/?p=35157"},"modified":"2018-06-22T09:13:59","modified_gmt":"2018-06-22T12:13:59","slug":"para-la-justicia-no-alcanza-volvieron-aprehender-al-menor-de-16-anos-y-recupero-la-libertad","status":"publish","type":"post","link":"https:\/\/eldiariodesanpedro.com.ar\/sitio\/para-la-justicia-no-alcanza-volvieron-aprehender-al-menor-de-16-anos-y-recupero-la-libertad\/","title":{"rendered":"Para la justicia no alcanza; volvieron aprehender al menor de 16 a\u00f1os y recuper\u00f3 la libertad"},"content":{"rendered":"<p><!-- VideographyWP Plugin Message: Automatic video embedding prevented by plugin options. --><br \/>\nTras numerosos hechos delictivos que protagoniz\u00f3 el menor, fue aprehendido el d\u00eda mi\u00e9rcoles pero recuper\u00f3 la libertad y este jueves por la noche fue aprehendido nuevamente al realizarse una diligencia de allanamiento junto a otro c\u00f3mplice, menor tambi\u00e9n, ambos se resistieron a la autoridad pero volvieron a recuperar la libertad.<\/p>\n<p>Conjuntamente con personal Sub DDi San Pedro- Baradero, Grupo Apoyo Departamental (GAD), Polic\u00eda Local (UPPL) se diligencio Orden de Allanamiento para con 2 domicilios que fueron otorgados por el Juzgado de Garant\u00edas del Joven que fue cumplimentada dicha diligencia el jueves por la noche.<\/p>\n<p>El primer allanamiento se realiz\u00f3 en una vivienda de Fray Cayetano Rodr\u00edguez y Manuel Iglesias, donde habita el menor en cuesti\u00f3n, junto a otro menor de 17 a\u00f1os que ser\u00eda su c\u00f3mplice, estos se resistieron agrediendo al personal policial mediante intimidaci\u00f3n de armas blancas junto con otros secuaces que desde afuera apedreaban los m\u00f3viles policiales; los menores finalmente fueron reducidos.<\/p>\n<p><img decoding=\"async\" data-attachment-id=\"35158\" data-permalink=\"https:\/\/eldiariodesanpedro.com.ar\/sitio\/para-la-justicia-no-alcanza-volvieron-aprehender-al-menor-de-16-anos-y-recupero-la-libertad\/vi\/\" data-orig-file=\"https:\/\/eldiariodesanpedro.com.ar\/sitio\/wp-content\/uploads\/2018\/06\/vi.jpeg\" data-orig-size=\"1032,774\" data-comments-opened=\"1\" data-image-meta=\"{&quot;aperture&quot;:&quot;0&quot;,&quot;credit&quot;:&quot;&quot;,&quot;camera&quot;:&quot;&quot;,&quot;caption&quot;:&quot;&quot;,&quot;created_timestamp&quot;:&quot;0&quot;,&quot;copyright&quot;:&quot;&quot;,&quot;focal_length&quot;:&quot;0&quot;,&quot;iso&quot;:&quot;0&quot;,&quot;shutter_speed&quot;:&quot;0&quot;,&quot;title&quot;:&quot;&quot;,&quot;orientation&quot;:&quot;0&quot;}\" data-image-title=\"vi\" data-image-description=\"\" data-image-caption=\"\" data-large-file=\"https:\/\/eldiariodesanpedro.com.ar\/sitio\/wp-content\/uploads\/2018\/06\/vi-1024x768.jpeg\" class=\"alignnone size-large wp-image-35158 lazyload\" data-src=\"https:\/\/eldiariodesanpedro.com.ar\/sitio\/wp-content\/uploads\/2018\/06\/vi-1024x768.jpeg\" alt=\"\" width=\"660\" height=\"495\" data-srcset=\"https:\/\/eldiariodesanpedro.com.ar\/sitio\/wp-content\/uploads\/2018\/06\/vi-1024x768.jpeg 1024w, https:\/\/eldiariodesanpedro.com.ar\/sitio\/wp-content\/uploads\/2018\/06\/vi-300x225.jpeg 300w, https:\/\/eldiariodesanpedro.com.ar\/sitio\/wp-content\/uploads\/2018\/06\/vi-768x576.jpeg 768w, https:\/\/eldiariodesanpedro.com.ar\/sitio\/wp-content\/uploads\/2018\/06\/vi.jpeg 1032w\" data-sizes=\"(max-width: 660px) 100vw, 660px\" src=\"data:image\/svg+xml;base64,PHN2ZyB3aWR0aD0iMSIgaGVpZ2h0PSIxIiB4bWxucz0iaHR0cDovL3d3dy53My5vcmcvMjAwMC9zdmciPjwvc3ZnPg==\" style=\"--smush-placeholder-width: 660px; --smush-placeholder-aspect-ratio: 660\/495;\" \/><\/p>\n<p><img decoding=\"async\" data-attachment-id=\"35160\" data-permalink=\"https:\/\/eldiariodesanpedro.com.ar\/sitio\/para-la-justicia-no-alcanza-volvieron-aprehender-al-menor-de-16-anos-y-recupero-la-libertad\/l\/\" data-orig-file=\"https:\/\/eldiariodesanpedro.com.ar\/sitio\/wp-content\/uploads\/2018\/06\/l.jpeg\" data-orig-size=\"1032,774\" data-comments-opened=\"1\" data-image-meta=\"{&quot;aperture&quot;:&quot;0&quot;,&quot;credit&quot;:&quot;&quot;,&quot;camera&quot;:&quot;&quot;,&quot;caption&quot;:&quot;&quot;,&quot;created_timestamp&quot;:&quot;0&quot;,&quot;copyright&quot;:&quot;&quot;,&quot;focal_length&quot;:&quot;0&quot;,&quot;iso&quot;:&quot;0&quot;,&quot;shutter_speed&quot;:&quot;0&quot;,&quot;title&quot;:&quot;&quot;,&quot;orientation&quot;:&quot;0&quot;}\" data-image-title=\"l\" data-image-description=\"\" data-image-caption=\"\" data-large-file=\"https:\/\/eldiariodesanpedro.com.ar\/sitio\/wp-content\/uploads\/2018\/06\/l-1024x768.jpeg\" class=\"alignnone size-large wp-image-35160 lazyload\" data-src=\"https:\/\/eldiariodesanpedro.com.ar\/sitio\/wp-content\/uploads\/2018\/06\/l-1024x768.jpeg\" alt=\"\" width=\"660\" height=\"495\" data-srcset=\"https:\/\/eldiariodesanpedro.com.ar\/sitio\/wp-content\/uploads\/2018\/06\/l-1024x768.jpeg 1024w, https:\/\/eldiariodesanpedro.com.ar\/sitio\/wp-content\/uploads\/2018\/06\/l-300x225.jpeg 300w, https:\/\/eldiariodesanpedro.com.ar\/sitio\/wp-content\/uploads\/2018\/06\/l-768x576.jpeg 768w, https:\/\/eldiariodesanpedro.com.ar\/sitio\/wp-content\/uploads\/2018\/06\/l.jpeg 1032w\" data-sizes=\"(max-width: 660px) 100vw, 660px\" src=\"data:image\/svg+xml;base64,PHN2ZyB3aWR0aD0iMSIgaGVpZ2h0PSIxIiB4bWxucz0iaHR0cDovL3d3dy53My5vcmcvMjAwMC9zdmciPjwvc3ZnPg==\" style=\"--smush-placeholder-width: 660px; --smush-placeholder-aspect-ratio: 660\/495;\" \/><\/p>\n<p>El segundo allanamiento se realiz\u00f3 en otra vivienda ubicada en Liniers al 1200 donde el propietario es un ex polic\u00eda, quien en su momento apareci\u00f3 vinculado a otros hechos delictivos como violencia de g\u00e9nero y comercializaci\u00f3n de estupefacientes.<\/p>\n<p>La orden para realizar el procedimiento lleg\u00f3 tras denuncias de que all\u00ed se reducir\u00edan elementos robados.<\/p>\n<p>Los allanamientos dieron negativos ya que se buscaban elementos sustra\u00eddos o armas utilizadas en los \u00faltimos hechos y no fueron encontradas.<\/p>\n<p>Como resultado al momento del operativo ambos menores que utilizaron armas blancas para agredir al personal policial fueron secuestradas y trasladados a la dependencia local bajo la car\u00e1tula resistencia a la autoridad pero fueron liberados a las pocas horas.<\/p>\n","protected":false},"excerpt":{"rendered":"<p>Tras numerosos hechos delictivos que protagoniz\u00f3 el menor, fue aprehendido el d\u00eda mi\u00e9rcoles pero recuper\u00f3 la libertad y este jueves por la noche fue aprehendido nuevamente al realizarse una diligencia de allanamiento junto a otro c\u00f3mplice, menor tambi\u00e9n, ambos se resistieron a la autoridad pero volvieron a recuperar la libertad. Conjuntamente con personal Sub DDi [&hellip;]<\/p>\n","protected":false},"author":4,"featured_media":35159,"comment_status":"open","ping_status":"closed","sticky":false,"template":"","format":"standard","meta":{"om_disable_all_campaigns":false,"_jetpack_memberships_contains_paid_content":false,"footnotes":""},"categories":[50,2,103],"tags":[],"class_list":["post-35157","post","type-post","status-publish","format-standard","has-post-thumbnail","hentry","category-destacadas","category-locales","category-policiales-locales"],"aioseo_notices":[],"gutentor_comment":0,"jetpack_featured_media_url":"https:\/\/eldiariodesanpedro.com.ar\/sitio\/wp-content\/uploads\/2018\/06\/alllana.jpeg","jetpack_shortlink":"https:\/\/wp.me\/p6RhLt-993","jetpack_sharing_enabled":true,"_links":{"self":[{"href":"https:\/\/eldiariodesanpedro.com.ar\/sitio\/wp-json\/wp\/v2\/posts\/35157","targetHints":{"allow":["GET"]}}],"collection":[{"href":"https:\/\/eldiariodesanpedro.com.ar\/sitio\/wp-json\/wp\/v2\/posts"}],"about":[{"href":"https:\/\/eldiariodesanpedro.com.ar\/sitio\/wp-json\/wp\/v2\/types\/post"}],"author":[{"embeddable":true,"href":"https:\/\/eldiariodesanpedro.com.ar\/sitio\/wp-json\/wp\/v2\/users\/4"}],"replies":[{"embeddable":true,"href":"https:\/\/eldiariodesanpedro.com.ar\/sitio\/wp-json\/wp\/v2\/comments?post=35157"}],"version-history":[{"count":3,"href":"https:\/\/eldiariodesanpedro.com.ar\/sitio\/wp-json\/wp\/v2\/posts\/35157\/revisions"}],"predecessor-version":[{"id":35164,"href":"https:\/\/eldiariodesanpedro.com.ar\/sitio\/wp-json\/wp\/v2\/posts\/35157\/revisions\/35164"}],"wp:featuredmedia":[{"embeddable":true,"href":"https:\/\/eldiariodesanpedro.com.ar\/sitio\/wp-json\/wp\/v2\/media\/35159"}],"wp:attachment":[{"href":"https:\/\/eldiariodesanpedro.com.ar\/sitio\/wp-json\/wp\/v2\/media?parent=35157"}],"wp:term":[{"taxonomy":"category","embeddable":true,"href":"https:\/\/eldiariodesanpedro.com.ar\/sitio\/wp-json\/wp\/v2\/categories?post=35157"},{"taxonomy":"post_tag","embeddable":true,"href":"https:\/\/eldiariodesanpedro.com.ar\/sitio\/wp-json\/wp\/v2\/tags?post=35157"}],"curies":[{"name":"wp","href":"https:\/\/api.w.org\/{rel}","templated":true}]}}