{"id":35153,"date":"2018-06-21T20:50:22","date_gmt":"2018-06-21T23:50:22","guid":{"rendered":"https:\/\/eldiariodesanpedro.com.ar\/sitio\/?p=35153"},"modified":"2026-01-24T00:13:27","modified_gmt":"2026-01-24T03:13:27","slug":"futbol-local-los-resultados-y-clasificados-en-cada-division","status":"publish","type":"post","link":"https:\/\/eldiariodesanpedro.com.ar\/sitio\/futbol-local-los-resultados-y-clasificados-en-cada-division\/","title":{"rendered":"F\u00daTBOL LOCAL: Los resultados y clasificados en cada divisi\u00f3n"},"content":{"rendered":"<p><!-- VideographyWP Plugin Message: Automatic video embedding prevented by plugin options. --><br \/>\nEl detalle completo de la fecha 9 del Torneo Apertura fue el siguiente: <\/p>\n<p><strong>Zona A<\/strong><br \/>\nLa Esperanza 3- Ireneo Portela 2<br \/>\nGoles: Diego Iglesias y Salom\u00f3n x2 (LE), Francisco Portillo y Marcelo Cebrian (A)<\/p>\n<p>Agricultores Club 1- Banfield 0<br \/>\nGoles: Darien Moreno (A).<\/p>\n<p>Paran\u00e1 FC 6- Fundici\u00f3n FC 0<br \/>\nGoles: Jonathan Cerruti x4, Boaglio y Baca (PFC).<\/p>\n<p>Central C\u00f3rdoba 3- Am\u00e9rica 0<br \/>\nGoles: Brian Montenegro x2, Trotta (CC)<\/p>\n<p><strong>Zona B<\/strong><br \/>\nDefensores Unidos 3- Dep. Alsina 3<br \/>\nGoles: Jairo Santos, Ezequiel Chaparro y Facundo R\u00edos (DU), Ismael Ducasse, Dar\u00edo N\u00fa\u00f1ez, Germ\u00e1n Sotto (A).<\/p>\n<p>Mitre 3- Rivadavia 1<br \/>\nGoles: Francisco Esp\u00edndola x2, Marcelo Rodr\u00edguez (M), Walter Chena (R)<\/p>\n<p>Gral. San Mart\u00edn 5- Independencia FC 2<br \/>\nGoles: Leonel Olivera, Hern\u00e1n Ansaloni, Robertino Stoccafisso, Jos\u00e9 G\u00f3mez y Axel Malinauskas (SM)<\/p>\n<p>Las Palmeras 3- San Roque FC 1<br \/>\nGoles: Giuliani, Ojeda, Esteban Garc\u00eda (LP), E. Lafuente (SR)<\/p>\n<p><strong>Interzonal<\/strong><br \/>\nAtl\u00e9tico3- Sportivo 3<br \/>\nGoles: \u00c1ngel Salvo x2, Agust\u00edn Poll (S), Iago Borjes, El\u00edas Caballero, Nicol\u00e1s Devincenzo (A)<\/p>\n<p><strong>De Sub 21 a quinta<\/strong><br \/>\n<em>Zona A<\/em><br \/>\nLa Esperanza \u2013 Ireneo Portela<br \/>\nSub 21: 2-0<br \/>\nTercera: 3-0<br \/>\nCuarta: 10-0<br \/>\nQuinta: 17-0<\/p>\n<p>Agricultores \u2013 Club Atl\u00e9tico Banfield<br \/>\nSub 21: 3-1<br \/>\nTercera: 1-0<br \/>\nCuarta: 5-0<br \/>\nQuinta: 2-3<\/p>\n<p>Paran\u00e1 FC \u2013 Fundici\u00f3n FC<br \/>\nSub 21: 5-2<br \/>\nTercera: 3-0<br \/>\nCuarta: 2-1<br \/>\nQuinta: 8-0<\/p>\n<p>Central C\u00f3rdoba -Am\u00e9rica<br \/>\nSub 21: 0-1<br \/>\nTercera: 3-1<br \/>\nCuarta: 3-0<br \/>\nQuinta: 5-2<\/p>\n<p><strong>Zona B<\/strong><br \/>\nDefensores Unidos \u2013 Dep. Alsina<br \/>\nSub 21: 2-0<br \/>\nTercera: 0-0<br \/>\nCuarta: 5-0<br \/>\nQuinta: 9-0<\/p>\n<p>Mitre \u2013 Rivadavia<br \/>\nSub 21: 6-0<br \/>\nTercera: 3-1<br \/>\nCuarta: 2-0<br \/>\nQuinta: 2-1<\/p>\n<p>Gral. San Mart\u00edn \u2013 Independencia FC<br \/>\nSub 21: 2-0<br \/>\nTercera: 1-0<br \/>\nCuarta: 0-0<br \/>\nQuinta: 1-2<\/p>\n<p>Las Palmeras \u2013 San Roque<br \/>\nSub 21: 5-3<br \/>\nTercera: 1-2<br \/>\nCuarta: 1-1<br \/>\nQuinta: 4-3<\/p>\n<p><strong>Interzonal<\/strong><br \/>\nAtl\u00e9tico \u2013 Sportivo<br \/>\nSub 21: 1-3<br \/>\nTercera: 1-1<br \/>\nCuarta: 2-2<br \/>\nQuinta: 1-0<\/p>\n<p><strong>Clasificados<\/strong><\/p>\n<p><em>Quinta<\/em><br \/>\nSemifinales<br \/>\nParan\u00e1 vs. Mitre<br \/>\nIndependencia vs. La Esperanza<\/p>\n<p><em>Cuarta<\/em><br \/>\nSemifinales<br \/>\nParan\u00e1 vs. Mitre<br \/>\nAtl\u00e9tico vs. La Esperanza<\/p>\n<p><em>Tercera<\/em><br \/>\nSemifinales<br \/>\nLa Esperanza vs. Mitre<br \/>\nG. San Mart\u00edn vs. Agricultores<\/p>\n<p><em>Sub 21<\/em><br \/>\nSemifinales<br \/>\nG. San Mart\u00edn vs. La Esperanza<br \/>\nSportivo vs. Def. Unidos<\/p>\n","protected":false},"excerpt":{"rendered":"<p>El detalle completo de la fecha 9 del Torneo Apertura fue el siguiente: Zona A La Esperanza 3- Ireneo Portela 2 Goles: Diego Iglesias y Salom\u00f3n x2 (LE), Francisco Portillo y Marcelo Cebrian (A) Agricultores Club 1- Banfield 0 Goles: Darien Moreno (A). Paran\u00e1 FC 6- Fundici\u00f3n FC 0 Goles: Jonathan Cerruti x4, Boaglio y [&hellip;]<\/p>\n","protected":false},"author":4,"featured_media":12943,"comment_status":"open","ping_status":"closed","sticky":false,"template":"","format":"standard","meta":{"om_disable_all_campaigns":false,"_jetpack_memberships_contains_paid_content":false,"footnotes":""},"categories":[5],"tags":[],"class_list":["post-35153","post","type-post","status-publish","format-standard","has-post-thumbnail","hentry","category-deportes"],"aioseo_notices":[],"gutentor_comment":0,"jetpack_featured_media_url":"https:\/\/eldiariodesanpedro.com.ar\/sitio\/wp-content\/uploads\/2017\/01\/futbol.jpg","jetpack_shortlink":"https:\/\/wp.me\/p6RhLt-98Z","jetpack_sharing_enabled":true,"_links":{"self":[{"href":"https:\/\/eldiariodesanpedro.com.ar\/sitio\/wp-json\/wp\/v2\/posts\/35153","targetHints":{"allow":["GET"]}}],"collection":[{"href":"https:\/\/eldiariodesanpedro.com.ar\/sitio\/wp-json\/wp\/v2\/posts"}],"about":[{"href":"https:\/\/eldiariodesanpedro.com.ar\/sitio\/wp-json\/wp\/v2\/types\/post"}],"author":[{"embeddable":true,"href":"https:\/\/eldiariodesanpedro.com.ar\/sitio\/wp-json\/wp\/v2\/users\/4"}],"replies":[{"embeddable":true,"href":"https:\/\/eldiariodesanpedro.com.ar\/sitio\/wp-json\/wp\/v2\/comments?post=35153"}],"version-history":[{"count":1,"href":"https:\/\/eldiariodesanpedro.com.ar\/sitio\/wp-json\/wp\/v2\/posts\/35153\/revisions"}],"predecessor-version":[{"id":35154,"href":"https:\/\/eldiariodesanpedro.com.ar\/sitio\/wp-json\/wp\/v2\/posts\/35153\/revisions\/35154"}],"wp:featuredmedia":[{"embeddable":true,"href":"https:\/\/eldiariodesanpedro.com.ar\/sitio\/wp-json\/wp\/v2\/media\/12943"}],"wp:attachment":[{"href":"https:\/\/eldiariodesanpedro.com.ar\/sitio\/wp-json\/wp\/v2\/media?parent=35153"}],"wp:term":[{"taxonomy":"category","embeddable":true,"href":"https:\/\/eldiariodesanpedro.com.ar\/sitio\/wp-json\/wp\/v2\/categories?post=35153"},{"taxonomy":"post_tag","embeddable":true,"href":"https:\/\/eldiariodesanpedro.com.ar\/sitio\/wp-json\/wp\/v2\/tags?post=35153"}],"curies":[{"name":"wp","href":"https:\/\/api.w.org\/{rel}","templated":true}]}}